{"id":1056,"date":"2019-06-26T20:30:37","date_gmt":"2019-06-26T20:30:37","guid":{"rendered":"https:\/\/ongamic.org\/es\/?p=1056"},"modified":"2019-06-26T20:31:58","modified_gmt":"2019-06-26T20:31:58","slug":"abierta-la-preinscripcion-de-ce-escuela-internacional-innova","status":"publish","type":"post","link":"https:\/\/ongamic.org\/es\/abierta-la-preinscripcion-de-ce-escuela-internacional-innova\/","title":{"rendered":"Abierta la preinscripci\u00f3n de CE &#8211; Escuela Internacional Innova"},"content":{"rendered":"<p>El pr\u00f3ximo curso, la Escuela de Bisselanca abrir\u00e1 sus puertas a la comunidad de Bisselanca con el nombre CE &#8211; Escuela Internacional Innova. Por este motivo esta semana se ha abierto la preinscripci\u00f3n para los nuevos alumnos. Estos son ni\u00f1os y ni\u00f1as de la comunidad de Bisselanca que en septiembre quieran empezar 1\u00ba de primaria.<\/p>\n<p><!--more--><\/p>\n<p>La escuela ofrecer\u00e1 el primer ciclo de Educaci\u00f3n Primaria, de primero hasta cuarto, y tendr\u00e1 una capacidad de 60 alumnos. No obstante, este curso se ha previsto un m\u00e1ximo de 40 alumnos de primero para permitir un crecimiento natural los pr\u00f3ximos cursos. A estos se les ofrecer\u00e1 escolarizaci\u00f3n gratuita, incluyendo todo el material, los libros de texto, el uniforme y una comida diaria.<\/p>\n<p>Esta es una escuela donde se trabaja por proyectos, de manera m\u00e1s global y manipulativa. La escuela de Bisselanca inici\u00f3 un proyecto piloto hace tres cursos, con ni\u00f1os residentes en el orfanato Casa Emanuel que ten\u00edan m\u00e1s dificultades de aprendizaje. El \u00e9xito del programa piloto y la demanda por parte de la comunidad de Bisselanca nos ha llevado a abrirla a los ni\u00f1os de la comunidad como una escuela inclusiva que atender\u00e1 las individualidades de cada ni\u00f1o.<\/p>\n<p>La idea de abrir la escuela fue bien recibida por parte de la comunidad. A principios de mes, se celebraron varias reuniones con las familias interesadas, donde se les explic\u00f3 el proyecto educativo y se les ense\u00f1\u00f3 las instalaciones. La preinscripci\u00f3n se podr\u00e1 realizar hasta finales de semana, en la secretar\u00eda del centro.<\/p>\n","protected":false},"excerpt":{"rendered":"<p>El pr\u00f3ximo curso, la Escuela de Bisselanca abrir\u00e1 sus puertas a la comunidad de Bisselanca con el nombre CE &#8211; Escuela Internacional Innova. Por este motivo esta semana se ha abierto la preinscripci\u00f3n para los nuevos alumnos. Estos son ni\u00f1os y ni\u00f1as de la comunidad de Bisselanca que en septiembre quieran empezar 1\u00ba de primaria.<\/p>\n","protected":false},"author":141,"featured_media":1058,"comment_status":"closed","ping_status":"open","sticky":false,"template":"","format":"standard","meta":{"_joinchat":[],"footnotes":""},"categories":[13],"tags":[],"class_list":["post-1056","post","type-post","status-publish","format-standard","has-post-thumbnail","hentry","category-general-es"],"yoast_head":"<!-- This site is optimized with the Yoast SEO plugin v27.3 - https:\/\/yoast.com\/product\/yoast-seo-wordpress\/ -->\n<title>Abierta la preinscripci\u00f3n de CE - Escuela Internacional Innova - Amic ONG<\/title>\n<meta name=\"robots\" content=\"index, follow, max-snippet:-1, max-image-preview:large, max-video-preview:-1\" \/>\n<link rel=\"canonical\" href=\"https:\/\/ongamic.org\/es\/abierta-la-preinscripcion-de-ce-escuela-internacional-innova\/\" \/>\n<meta property=\"og:locale\" content=\"es_ES\" \/>\n<meta property=\"og:type\" content=\"article\" \/>\n<meta property=\"og:title\" content=\"Abierta la preinscripci\u00f3n de CE - Escuela Internacional Innova - Amic ONG\" \/>\n<meta property=\"og:description\" content=\"El pr\u00f3ximo curso, la Escuela de Bisselanca abrir\u00e1 sus puertas a la comunidad de Bisselanca con el nombre CE &#8211; Escuela Internacional Innova. Por este motivo esta semana se ha abierto la preinscripci\u00f3n para los nuevos alumnos. Estos son ni\u00f1os y ni\u00f1as de la comunidad de Bisselanca que en septiembre quieran empezar 1\u00ba de primaria.\" \/>\n<meta property=\"og:url\" content=\"https:\/\/ongamic.org\/es\/abierta-la-preinscripcion-de-ce-escuela-internacional-innova\/\" \/>\n<meta property=\"og:site_name\" content=\"Amic ONG\" \/>\n<meta property=\"article:published_time\" content=\"2019-06-26T20:30:37+00:00\" \/>\n<meta property=\"article:modified_time\" content=\"2019-06-26T20:31:58+00:00\" \/>\n<meta property=\"og:image\" content=\"https:\/\/ongamic.org\/wp-content\/uploads\/2019\/06\/PHOTO-2017-05-10-20-16-01.jpg\" \/>\n\t<meta property=\"og:image:width\" content=\"1080\" \/>\n\t<meta property=\"og:image:height\" content=\"810\" \/>\n\t<meta property=\"og:image:type\" content=\"image\/jpeg\" \/>\n<meta name=\"author\" content=\"Ariadna Costas\" \/>\n<meta name=\"twitter:card\" content=\"summary_large_image\" \/>\n<meta name=\"twitter:label1\" content=\"Escrito por\" \/>\n\t<meta name=\"twitter:data1\" content=\"Ariadna Costas\" \/>\n\t<meta name=\"twitter:label2\" content=\"Tiempo de lectura\" \/>\n\t<meta name=\"twitter:data2\" content=\"1 minuto\" \/>\n<script type=\"application\/ld+json\" class=\"yoast-schema-graph\">{\"@context\":\"https:\\\/\\\/schema.org\",\"@graph\":[{\"@type\":\"Article\",\"@id\":\"https:\\\/\\\/ongamic.org\\\/es\\\/abierta-la-preinscripcion-de-ce-escuela-internacional-innova\\\/#article\",\"isPartOf\":{\"@id\":\"https:\\\/\\\/ongamic.org\\\/es\\\/abierta-la-preinscripcion-de-ce-escuela-internacional-innova\\\/\"},\"author\":{\"name\":\"Ariadna Costas\",\"@id\":\"https:\\\/\\\/ongamic.org\\\/#\\\/schema\\\/person\\\/d38b165bc477410408df7f83fc32ec61\"},\"headline\":\"Abierta la preinscripci\u00f3n de CE &#8211; Escuela Internacional Innova\",\"datePublished\":\"2019-06-26T20:30:37+00:00\",\"dateModified\":\"2019-06-26T20:31:58+00:00\",\"mainEntityOfPage\":{\"@id\":\"https:\\\/\\\/ongamic.org\\\/es\\\/abierta-la-preinscripcion-de-ce-escuela-internacional-innova\\\/\"},\"wordCount\":271,\"publisher\":{\"@id\":\"https:\\\/\\\/ongamic.org\\\/#organization\"},\"image\":{\"@id\":\"https:\\\/\\\/ongamic.org\\\/es\\\/abierta-la-preinscripcion-de-ce-escuela-internacional-innova\\\/#primaryimage\"},\"thumbnailUrl\":\"https:\\\/\\\/ongamic.org\\\/wp-content\\\/uploads\\\/2019\\\/06\\\/PHOTO-2017-05-10-20-16-01.jpg\",\"articleSection\":[\"General @es\"],\"inLanguage\":\"es\"},{\"@type\":\"WebPage\",\"@id\":\"https:\\\/\\\/ongamic.org\\\/es\\\/abierta-la-preinscripcion-de-ce-escuela-internacional-innova\\\/\",\"url\":\"https:\\\/\\\/ongamic.org\\\/es\\\/abierta-la-preinscripcion-de-ce-escuela-internacional-innova\\\/\",\"name\":\"Abierta la preinscripci\u00f3n de CE - Escuela Internacional Innova - Amic ONG\",\"isPartOf\":{\"@id\":\"https:\\\/\\\/ongamic.org\\\/#website\"},\"primaryImageOfPage\":{\"@id\":\"https:\\\/\\\/ongamic.org\\\/es\\\/abierta-la-preinscripcion-de-ce-escuela-internacional-innova\\\/#primaryimage\"},\"image\":{\"@id\":\"https:\\\/\\\/ongamic.org\\\/es\\\/abierta-la-preinscripcion-de-ce-escuela-internacional-innova\\\/#primaryimage\"},\"thumbnailUrl\":\"https:\\\/\\\/ongamic.org\\\/wp-content\\\/uploads\\\/2019\\\/06\\\/PHOTO-2017-05-10-20-16-01.jpg\",\"datePublished\":\"2019-06-26T20:30:37+00:00\",\"dateModified\":\"2019-06-26T20:31:58+00:00\",\"breadcrumb\":{\"@id\":\"https:\\\/\\\/ongamic.org\\\/es\\\/abierta-la-preinscripcion-de-ce-escuela-internacional-innova\\\/#breadcrumb\"},\"inLanguage\":\"es\",\"potentialAction\":[{\"@type\":\"ReadAction\",\"target\":[\"https:\\\/\\\/ongamic.org\\\/es\\\/abierta-la-preinscripcion-de-ce-escuela-internacional-innova\\\/\"]}]},{\"@type\":\"ImageObject\",\"inLanguage\":\"es\",\"@id\":\"https:\\\/\\\/ongamic.org\\\/es\\\/abierta-la-preinscripcion-de-ce-escuela-internacional-innova\\\/#primaryimage\",\"url\":\"https:\\\/\\\/ongamic.org\\\/wp-content\\\/uploads\\\/2019\\\/06\\\/PHOTO-2017-05-10-20-16-01.jpg\",\"contentUrl\":\"https:\\\/\\\/ongamic.org\\\/wp-content\\\/uploads\\\/2019\\\/06\\\/PHOTO-2017-05-10-20-16-01.jpg\",\"width\":1080,\"height\":810},{\"@type\":\"BreadcrumbList\",\"@id\":\"https:\\\/\\\/ongamic.org\\\/es\\\/abierta-la-preinscripcion-de-ce-escuela-internacional-innova\\\/#breadcrumb\",\"itemListElement\":[{\"@type\":\"ListItem\",\"position\":1,\"name\":\"Inici\",\"item\":\"https:\\\/\\\/ongamic.org\\\/es\\\/\"},{\"@type\":\"ListItem\",\"position\":2,\"name\":\"Abierta la preinscripci\u00f3n de CE &#8211; Escuela Internacional Innova\"}]},{\"@type\":\"WebSite\",\"@id\":\"https:\\\/\\\/ongamic.org\\\/#website\",\"url\":\"https:\\\/\\\/ongamic.org\\\/\",\"name\":\"ONG AMIC\",\"description\":\"ONG que treballa a Guinea Bissau\",\"publisher\":{\"@id\":\"https:\\\/\\\/ongamic.org\\\/#organization\"},\"potentialAction\":[{\"@type\":\"SearchAction\",\"target\":{\"@type\":\"EntryPoint\",\"urlTemplate\":\"https:\\\/\\\/ongamic.org\\\/?s={search_term_string}\"},\"query-input\":{\"@type\":\"PropertyValueSpecification\",\"valueRequired\":true,\"valueName\":\"search_term_string\"}}],\"inLanguage\":\"es\"},{\"@type\":\"Organization\",\"@id\":\"https:\\\/\\\/ongamic.org\\\/#organization\",\"name\":\"ONG AMIC\",\"url\":\"https:\\\/\\\/ongamic.org\\\/\",\"logo\":{\"@type\":\"ImageObject\",\"inLanguage\":\"es\",\"@id\":\"https:\\\/\\\/ongamic.org\\\/#\\\/schema\\\/logo\\\/image\\\/\",\"url\":\"https:\\\/\\\/ongamic.org\\\/wp-content\\\/uploads\\\/2023\\\/01\\\/logo-amic-per-adhesiu.png\",\"contentUrl\":\"https:\\\/\\\/ongamic.org\\\/wp-content\\\/uploads\\\/2023\\\/01\\\/logo-amic-per-adhesiu.png\",\"width\":1033,\"height\":591,\"caption\":\"ONG AMIC\"},\"image\":{\"@id\":\"https:\\\/\\\/ongamic.org\\\/#\\\/schema\\\/logo\\\/image\\\/\"},\"sameAs\":[\"https:\\\/\\\/www.instagram.com\\\/ong_amic\\\/\"]},{\"@type\":\"Person\",\"@id\":\"https:\\\/\\\/ongamic.org\\\/#\\\/schema\\\/person\\\/d38b165bc477410408df7f83fc32ec61\",\"name\":\"Ariadna Costas\",\"image\":{\"@type\":\"ImageObject\",\"inLanguage\":\"es\",\"@id\":\"https:\\\/\\\/secure.gravatar.com\\\/avatar\\\/679180cc76f31fd0d0bee5297e45d578426fc5f3fafe38a04ba54b193de8cc51?s=96&d=mm&r=g\",\"url\":\"https:\\\/\\\/secure.gravatar.com\\\/avatar\\\/679180cc76f31fd0d0bee5297e45d578426fc5f3fafe38a04ba54b193de8cc51?s=96&d=mm&r=g\",\"contentUrl\":\"https:\\\/\\\/secure.gravatar.com\\\/avatar\\\/679180cc76f31fd0d0bee5297e45d578426fc5f3fafe38a04ba54b193de8cc51?s=96&d=mm&r=g\",\"caption\":\"Ariadna Costas\"}}]}<\/script>\n<!-- \/ Yoast SEO plugin. -->","yoast_head_json":{"title":"Abierta la preinscripci\u00f3n de CE - Escuela Internacional Innova - Amic ONG","robots":{"index":"index","follow":"follow","max-snippet":"max-snippet:-1","max-image-preview":"max-image-preview:large","max-video-preview":"max-video-preview:-1"},"canonical":"https:\/\/ongamic.org\/es\/abierta-la-preinscripcion-de-ce-escuela-internacional-innova\/","og_locale":"es_ES","og_type":"article","og_title":"Abierta la preinscripci\u00f3n de CE - Escuela Internacional Innova - Amic ONG","og_description":"El pr\u00f3ximo curso, la Escuela de Bisselanca abrir\u00e1 sus puertas a la comunidad de Bisselanca con el nombre CE &#8211; Escuela Internacional Innova. Por este motivo esta semana se ha abierto la preinscripci\u00f3n para los nuevos alumnos. Estos son ni\u00f1os y ni\u00f1as de la comunidad de Bisselanca que en septiembre quieran empezar 1\u00ba de primaria.","og_url":"https:\/\/ongamic.org\/es\/abierta-la-preinscripcion-de-ce-escuela-internacional-innova\/","og_site_name":"Amic ONG","article_published_time":"2019-06-26T20:30:37+00:00","article_modified_time":"2019-06-26T20:31:58+00:00","og_image":[{"width":1080,"height":810,"url":"https:\/\/ongamic.org\/wp-content\/uploads\/2019\/06\/PHOTO-2017-05-10-20-16-01.jpg","type":"image\/jpeg"}],"author":"Ariadna Costas","twitter_card":"summary_large_image","twitter_misc":{"Escrito por":"Ariadna Costas","Tiempo de lectura":"1 minuto"},"schema":{"@context":"https:\/\/schema.org","@graph":[{"@type":"Article","@id":"https:\/\/ongamic.org\/es\/abierta-la-preinscripcion-de-ce-escuela-internacional-innova\/#article","isPartOf":{"@id":"https:\/\/ongamic.org\/es\/abierta-la-preinscripcion-de-ce-escuela-internacional-innova\/"},"author":{"name":"Ariadna Costas","@id":"https:\/\/ongamic.org\/#\/schema\/person\/d38b165bc477410408df7f83fc32ec61"},"headline":"Abierta la preinscripci\u00f3n de CE &#8211; Escuela Internacional Innova","datePublished":"2019-06-26T20:30:37+00:00","dateModified":"2019-06-26T20:31:58+00:00","mainEntityOfPage":{"@id":"https:\/\/ongamic.org\/es\/abierta-la-preinscripcion-de-ce-escuela-internacional-innova\/"},"wordCount":271,"publisher":{"@id":"https:\/\/ongamic.org\/#organization"},"image":{"@id":"https:\/\/ongamic.org\/es\/abierta-la-preinscripcion-de-ce-escuela-internacional-innova\/#primaryimage"},"thumbnailUrl":"https:\/\/ongamic.org\/wp-content\/uploads\/2019\/06\/PHOTO-2017-05-10-20-16-01.jpg","articleSection":["General @es"],"inLanguage":"es"},{"@type":"WebPage","@id":"https:\/\/ongamic.org\/es\/abierta-la-preinscripcion-de-ce-escuela-internacional-innova\/","url":"https:\/\/ongamic.org\/es\/abierta-la-preinscripcion-de-ce-escuela-internacional-innova\/","name":"Abierta la preinscripci\u00f3n de CE - Escuela Internacional Innova - Amic ONG","isPartOf":{"@id":"https:\/\/ongamic.org\/#website"},"primaryImageOfPage":{"@id":"https:\/\/ongamic.org\/es\/abierta-la-preinscripcion-de-ce-escuela-internacional-innova\/#primaryimage"},"image":{"@id":"https:\/\/ongamic.org\/es\/abierta-la-preinscripcion-de-ce-escuela-internacional-innova\/#primaryimage"},"thumbnailUrl":"https:\/\/ongamic.org\/wp-content\/uploads\/2019\/06\/PHOTO-2017-05-10-20-16-01.jpg","datePublished":"2019-06-26T20:30:37+00:00","dateModified":"2019-06-26T20:31:58+00:00","breadcrumb":{"@id":"https:\/\/ongamic.org\/es\/abierta-la-preinscripcion-de-ce-escuela-internacional-innova\/#breadcrumb"},"inLanguage":"es","potentialAction":[{"@type":"ReadAction","target":["https:\/\/ongamic.org\/es\/abierta-la-preinscripcion-de-ce-escuela-internacional-innova\/"]}]},{"@type":"ImageObject","inLanguage":"es","@id":"https:\/\/ongamic.org\/es\/abierta-la-preinscripcion-de-ce-escuela-internacional-innova\/#primaryimage","url":"https:\/\/ongamic.org\/wp-content\/uploads\/2019\/06\/PHOTO-2017-05-10-20-16-01.jpg","contentUrl":"https:\/\/ongamic.org\/wp-content\/uploads\/2019\/06\/PHOTO-2017-05-10-20-16-01.jpg","width":1080,"height":810},{"@type":"BreadcrumbList","@id":"https:\/\/ongamic.org\/es\/abierta-la-preinscripcion-de-ce-escuela-internacional-innova\/#breadcrumb","itemListElement":[{"@type":"ListItem","position":1,"name":"Inici","item":"https:\/\/ongamic.org\/es\/"},{"@type":"ListItem","position":2,"name":"Abierta la preinscripci\u00f3n de CE &#8211; Escuela Internacional Innova"}]},{"@type":"WebSite","@id":"https:\/\/ongamic.org\/#website","url":"https:\/\/ongamic.org\/","name":"ONG AMIC","description":"ONG que treballa a Guinea Bissau","publisher":{"@id":"https:\/\/ongamic.org\/#organization"},"potentialAction":[{"@type":"SearchAction","target":{"@type":"EntryPoint","urlTemplate":"https:\/\/ongamic.org\/?s={search_term_string}"},"query-input":{"@type":"PropertyValueSpecification","valueRequired":true,"valueName":"search_term_string"}}],"inLanguage":"es"},{"@type":"Organization","@id":"https:\/\/ongamic.org\/#organization","name":"ONG AMIC","url":"https:\/\/ongamic.org\/","logo":{"@type":"ImageObject","inLanguage":"es","@id":"https:\/\/ongamic.org\/#\/schema\/logo\/image\/","url":"https:\/\/ongamic.org\/wp-content\/uploads\/2023\/01\/logo-amic-per-adhesiu.png","contentUrl":"https:\/\/ongamic.org\/wp-content\/uploads\/2023\/01\/logo-amic-per-adhesiu.png","width":1033,"height":591,"caption":"ONG AMIC"},"image":{"@id":"https:\/\/ongamic.org\/#\/schema\/logo\/image\/"},"sameAs":["https:\/\/www.instagram.com\/ong_amic\/"]},{"@type":"Person","@id":"https:\/\/ongamic.org\/#\/schema\/person\/d38b165bc477410408df7f83fc32ec61","name":"Ariadna Costas","image":{"@type":"ImageObject","inLanguage":"es","@id":"https:\/\/secure.gravatar.com\/avatar\/679180cc76f31fd0d0bee5297e45d578426fc5f3fafe38a04ba54b193de8cc51?s=96&d=mm&r=g","url":"https:\/\/secure.gravatar.com\/avatar\/679180cc76f31fd0d0bee5297e45d578426fc5f3fafe38a04ba54b193de8cc51?s=96&d=mm&r=g","contentUrl":"https:\/\/secure.gravatar.com\/avatar\/679180cc76f31fd0d0bee5297e45d578426fc5f3fafe38a04ba54b193de8cc51?s=96&d=mm&r=g","caption":"Ariadna Costas"}}]}},"_links":{"self":[{"href":"https:\/\/ongamic.org\/es\/wp-json\/wp\/v2\/posts\/1056","targetHints":{"allow":["GET"]}}],"collection":[{"href":"https:\/\/ongamic.org\/es\/wp-json\/wp\/v2\/posts"}],"about":[{"href":"https:\/\/ongamic.org\/es\/wp-json\/wp\/v2\/types\/post"}],"author":[{"embeddable":true,"href":"https:\/\/ongamic.org\/es\/wp-json\/wp\/v2\/users\/141"}],"replies":[{"embeddable":true,"href":"https:\/\/ongamic.org\/es\/wp-json\/wp\/v2\/comments?post=1056"}],"version-history":[{"count":0,"href":"https:\/\/ongamic.org\/es\/wp-json\/wp\/v2\/posts\/1056\/revisions"}],"wp:featuredmedia":[{"embeddable":true,"href":"https:\/\/ongamic.org\/es\/wp-json\/wp\/v2\/media\/1058"}],"wp:attachment":[{"href":"https:\/\/ongamic.org\/es\/wp-json\/wp\/v2\/media?parent=1056"}],"wp:term":[{"taxonomy":"category","embeddable":true,"href":"https:\/\/ongamic.org\/es\/wp-json\/wp\/v2\/categories?post=1056"},{"taxonomy":"post_tag","embeddable":true,"href":"https:\/\/ongamic.org\/es\/wp-json\/wp\/v2\/tags?post=1056"}],"curies":[{"name":"wp","href":"https:\/\/api.w.org\/{rel}","templated":true}]}}