{"id":1069,"date":"2019-09-09T15:15:59","date_gmt":"2019-09-09T15:15:59","guid":{"rendered":"https:\/\/ongamic.org\/es\/?p=1069"},"modified":"2019-09-09T15:15:59","modified_gmt":"2019-09-09T15:15:59","slug":"abre-sus-puertas-la-nueva-escola-internacional-innova","status":"publish","type":"post","link":"https:\/\/ongamic.org\/es\/abre-sus-puertas-la-nueva-escola-internacional-innova\/","title":{"rendered":"Abre sus puertas la nueva Escola Internacional Innova"},"content":{"rendered":"<div>Este mes de septiembre, despu\u00e9s de grandes esfuerzos y mucha ilusi\u00f3n, abrimos las puertas de la nueva Escola Internacional Innova. Una escuela que acoger\u00e1 a los ni\u00f1os y ni\u00f1as de 6 a 10 a\u00f1os de la comunidad de Bisselanca, una zona rural muy pobre, donde los ni\u00f1os trabajan duro para ayudar a sus familias. Esta escuela se ha podido construir gracias al apoyo del Ayuntamiento de la Roca de Vall\u00e8s y del Ayuntamiento de Sant Cugat del Vall\u00e8s. \u00a1\u00a1Pero ahora debe funcionar!!<\/div>\n<div><\/div>\n<div>Para estos peque\u00f1os y sus familias el acceso a una escuela como esta es un sue\u00f1o hecho realidad. La escuela p\u00fablica m\u00e1s cercana hace dos a\u00f1os que a penas no funciona. Guinea Bissau tiene un sistema educativo p\u00fablico deficitario, en el que los profesores pasan largos meses sin cobrar, la escolarizaci\u00f3n no es estable, el material es casi inexistente, la formaci\u00f3n del personal docente muy pobre y las instalaciones muy deficientes.<\/div>\n<div><\/div>\n<div>En esta situaci\u00f3n, ir a una escuela gratuita, donde hay mesas y sillas para los ni\u00f1os, pizarras en las paredes, libros de texto gratuitos, material sin coste, profesores cualificados y bien formados; donde se les ofrece un buen almuerzo cada d\u00eda y un uniforme gratis; donde se mima tanto lo que van a aprender como de la manera que lo van a aprender\u2026 es algo que, hasta ahora, solo pod\u00edan imaginar. Y todo eso es lo que queremos ofrecer en la Escola Internacional Innova.<\/div>\n<div><\/div>\n<div>\u00bfQuieres ayudarnos? Apadrina!<\/div>\n<div><a href=\"https:\/\/ongamic.org\/wp-content\/uploads\/2019\/09\/IMG-20190909-WA0000.jpg\"><img fetchpriority=\"high\" decoding=\"async\" class=\"alignnone size-medium wp-image-1070\" src=\"https:\/\/ongamic.org\/wp-content\/uploads\/2019\/09\/IMG-20190909-WA0000-300x225.jpg\" alt=\"IMG-20190909-WA0000\" width=\"300\" height=\"225\" srcset=\"https:\/\/ongamic.org\/wp-content\/uploads\/2019\/09\/IMG-20190909-WA0000-300x225.jpg 300w, https:\/\/ongamic.org\/wp-content\/uploads\/2019\/09\/IMG-20190909-WA0000-600x450.jpg 600w, https:\/\/ongamic.org\/wp-content\/uploads\/2019\/09\/IMG-20190909-WA0000-768x576.jpg 768w, https:\/\/ongamic.org\/wp-content\/uploads\/2019\/09\/IMG-20190909-WA0000-1024x768.jpg 1024w, https:\/\/ongamic.org\/wp-content\/uploads\/2019\/09\/IMG-20190909-WA0000-100x75.jpg 100w, https:\/\/ongamic.org\/wp-content\/uploads\/2019\/09\/IMG-20190909-WA0000-865x649.jpg 865w, https:\/\/ongamic.org\/wp-content\/uploads\/2019\/09\/IMG-20190909-WA0000-984x738.jpg 984w, https:\/\/ongamic.org\/wp-content\/uploads\/2019\/09\/IMG-20190909-WA0000.jpg 1080w\" sizes=\"(max-width: 300px) 100vw, 300px\" \/><\/a><\/div>\n","protected":false},"excerpt":{"rendered":"<p>Este mes de septiembre, despu\u00e9s de grandes esfuerzos y mucha ilusi\u00f3n, abrimos las puertas de la nueva Escola Internacional Innova. Una escuela que acoger\u00e1 a los ni\u00f1os y ni\u00f1as de 6 a 10 a\u00f1os de la comunidad de Bisselanca, una zona rural muy pobre, donde los ni\u00f1os trabajan duro para ayudar a sus familias. Esta&#8230;<\/p>\n","protected":false},"author":141,"featured_media":1071,"comment_status":"closed","ping_status":"open","sticky":false,"template":"","format":"standard","meta":{"_joinchat":[],"footnotes":""},"categories":[13],"tags":[],"class_list":["post-1069","post","type-post","status-publish","format-standard","has-post-thumbnail","hentry","category-general-es"],"yoast_head":"<!-- This site is optimized with the Yoast SEO plugin v27.3 - https:\/\/yoast.com\/product\/yoast-seo-wordpress\/ -->\n<title>Abre sus puertas la nueva Escola Internacional Innova - Amic ONG<\/title>\n<meta name=\"robots\" content=\"index, follow, max-snippet:-1, max-image-preview:large, max-video-preview:-1\" \/>\n<link rel=\"canonical\" href=\"https:\/\/ongamic.org\/es\/abre-sus-puertas-la-nueva-escola-internacional-innova\/\" \/>\n<meta property=\"og:locale\" content=\"es_ES\" \/>\n<meta property=\"og:type\" content=\"article\" \/>\n<meta property=\"og:title\" content=\"Abre sus puertas la nueva Escola Internacional Innova - Amic ONG\" \/>\n<meta property=\"og:description\" content=\"Este mes de septiembre, despu\u00e9s de grandes esfuerzos y mucha ilusi\u00f3n, abrimos las puertas de la nueva Escola Internacional Innova. Una escuela que acoger\u00e1 a los ni\u00f1os y ni\u00f1as de 6 a 10 a\u00f1os de la comunidad de Bisselanca, una zona rural muy pobre, donde los ni\u00f1os trabajan duro para ayudar a sus familias. Esta...\" \/>\n<meta property=\"og:url\" content=\"https:\/\/ongamic.org\/es\/abre-sus-puertas-la-nueva-escola-internacional-innova\/\" \/>\n<meta property=\"og:site_name\" content=\"Amic ONG\" \/>\n<meta property=\"article:published_time\" content=\"2019-09-09T15:15:59+00:00\" \/>\n<meta property=\"og:image\" content=\"https:\/\/ongamic.org\/wp-content\/uploads\/2019\/09\/IMG-20190909-WA0001.jpg\" \/>\n\t<meta property=\"og:image:width\" content=\"1080\" \/>\n\t<meta property=\"og:image:height\" content=\"810\" \/>\n\t<meta property=\"og:image:type\" content=\"image\/jpeg\" \/>\n<meta name=\"author\" content=\"Ariadna Costas\" \/>\n<meta name=\"twitter:card\" content=\"summary_large_image\" \/>\n<meta name=\"twitter:label1\" content=\"Escrito por\" \/>\n\t<meta name=\"twitter:data1\" content=\"Ariadna Costas\" \/>\n\t<meta name=\"twitter:label2\" content=\"Tiempo de lectura\" \/>\n\t<meta name=\"twitter:data2\" content=\"1 minuto\" \/>\n<script type=\"application\/ld+json\" class=\"yoast-schema-graph\">{\"@context\":\"https:\\\/\\\/schema.org\",\"@graph\":[{\"@type\":\"Article\",\"@id\":\"https:\\\/\\\/ongamic.org\\\/es\\\/abre-sus-puertas-la-nueva-escola-internacional-innova\\\/#article\",\"isPartOf\":{\"@id\":\"https:\\\/\\\/ongamic.org\\\/es\\\/abre-sus-puertas-la-nueva-escola-internacional-innova\\\/\"},\"author\":{\"name\":\"Ariadna Costas\",\"@id\":\"https:\\\/\\\/ongamic.org\\\/#\\\/schema\\\/person\\\/d38b165bc477410408df7f83fc32ec61\"},\"headline\":\"Abre sus puertas la nueva Escola Internacional Innova\",\"datePublished\":\"2019-09-09T15:15:59+00:00\",\"mainEntityOfPage\":{\"@id\":\"https:\\\/\\\/ongamic.org\\\/es\\\/abre-sus-puertas-la-nueva-escola-internacional-innova\\\/\"},\"wordCount\":266,\"publisher\":{\"@id\":\"https:\\\/\\\/ongamic.org\\\/#organization\"},\"image\":{\"@id\":\"https:\\\/\\\/ongamic.org\\\/es\\\/abre-sus-puertas-la-nueva-escola-internacional-innova\\\/#primaryimage\"},\"thumbnailUrl\":\"https:\\\/\\\/ongamic.org\\\/wp-content\\\/uploads\\\/2019\\\/09\\\/IMG-20190909-WA0001.jpg\",\"articleSection\":[\"General @es\"],\"inLanguage\":\"es\"},{\"@type\":\"WebPage\",\"@id\":\"https:\\\/\\\/ongamic.org\\\/es\\\/abre-sus-puertas-la-nueva-escola-internacional-innova\\\/\",\"url\":\"https:\\\/\\\/ongamic.org\\\/es\\\/abre-sus-puertas-la-nueva-escola-internacional-innova\\\/\",\"name\":\"Abre sus puertas la nueva Escola Internacional Innova - Amic ONG\",\"isPartOf\":{\"@id\":\"https:\\\/\\\/ongamic.org\\\/#website\"},\"primaryImageOfPage\":{\"@id\":\"https:\\\/\\\/ongamic.org\\\/es\\\/abre-sus-puertas-la-nueva-escola-internacional-innova\\\/#primaryimage\"},\"image\":{\"@id\":\"https:\\\/\\\/ongamic.org\\\/es\\\/abre-sus-puertas-la-nueva-escola-internacional-innova\\\/#primaryimage\"},\"thumbnailUrl\":\"https:\\\/\\\/ongamic.org\\\/wp-content\\\/uploads\\\/2019\\\/09\\\/IMG-20190909-WA0001.jpg\",\"datePublished\":\"2019-09-09T15:15:59+00:00\",\"breadcrumb\":{\"@id\":\"https:\\\/\\\/ongamic.org\\\/es\\\/abre-sus-puertas-la-nueva-escola-internacional-innova\\\/#breadcrumb\"},\"inLanguage\":\"es\",\"potentialAction\":[{\"@type\":\"ReadAction\",\"target\":[\"https:\\\/\\\/ongamic.org\\\/es\\\/abre-sus-puertas-la-nueva-escola-internacional-innova\\\/\"]}]},{\"@type\":\"ImageObject\",\"inLanguage\":\"es\",\"@id\":\"https:\\\/\\\/ongamic.org\\\/es\\\/abre-sus-puertas-la-nueva-escola-internacional-innova\\\/#primaryimage\",\"url\":\"https:\\\/\\\/ongamic.org\\\/wp-content\\\/uploads\\\/2019\\\/09\\\/IMG-20190909-WA0001.jpg\",\"contentUrl\":\"https:\\\/\\\/ongamic.org\\\/wp-content\\\/uploads\\\/2019\\\/09\\\/IMG-20190909-WA0001.jpg\",\"width\":1080,\"height\":810},{\"@type\":\"BreadcrumbList\",\"@id\":\"https:\\\/\\\/ongamic.org\\\/es\\\/abre-sus-puertas-la-nueva-escola-internacional-innova\\\/#breadcrumb\",\"itemListElement\":[{\"@type\":\"ListItem\",\"position\":1,\"name\":\"Inici\",\"item\":\"https:\\\/\\\/ongamic.org\\\/es\\\/\"},{\"@type\":\"ListItem\",\"position\":2,\"name\":\"Abre sus puertas la nueva Escola Internacional Innova\"}]},{\"@type\":\"WebSite\",\"@id\":\"https:\\\/\\\/ongamic.org\\\/#website\",\"url\":\"https:\\\/\\\/ongamic.org\\\/\",\"name\":\"ONG AMIC\",\"description\":\"ONG que treballa a Guinea Bissau\",\"publisher\":{\"@id\":\"https:\\\/\\\/ongamic.org\\\/#organization\"},\"potentialAction\":[{\"@type\":\"SearchAction\",\"target\":{\"@type\":\"EntryPoint\",\"urlTemplate\":\"https:\\\/\\\/ongamic.org\\\/?s={search_term_string}\"},\"query-input\":{\"@type\":\"PropertyValueSpecification\",\"valueRequired\":true,\"valueName\":\"search_term_string\"}}],\"inLanguage\":\"es\"},{\"@type\":\"Organization\",\"@id\":\"https:\\\/\\\/ongamic.org\\\/#organization\",\"name\":\"ONG AMIC\",\"url\":\"https:\\\/\\\/ongamic.org\\\/\",\"logo\":{\"@type\":\"ImageObject\",\"inLanguage\":\"es\",\"@id\":\"https:\\\/\\\/ongamic.org\\\/#\\\/schema\\\/logo\\\/image\\\/\",\"url\":\"https:\\\/\\\/ongamic.org\\\/wp-content\\\/uploads\\\/2023\\\/01\\\/logo-amic-per-adhesiu.png\",\"contentUrl\":\"https:\\\/\\\/ongamic.org\\\/wp-content\\\/uploads\\\/2023\\\/01\\\/logo-amic-per-adhesiu.png\",\"width\":1033,\"height\":591,\"caption\":\"ONG AMIC\"},\"image\":{\"@id\":\"https:\\\/\\\/ongamic.org\\\/#\\\/schema\\\/logo\\\/image\\\/\"},\"sameAs\":[\"https:\\\/\\\/www.instagram.com\\\/ong_amic\\\/\"]},{\"@type\":\"Person\",\"@id\":\"https:\\\/\\\/ongamic.org\\\/#\\\/schema\\\/person\\\/d38b165bc477410408df7f83fc32ec61\",\"name\":\"Ariadna Costas\",\"image\":{\"@type\":\"ImageObject\",\"inLanguage\":\"es\",\"@id\":\"https:\\\/\\\/secure.gravatar.com\\\/avatar\\\/679180cc76f31fd0d0bee5297e45d578426fc5f3fafe38a04ba54b193de8cc51?s=96&d=mm&r=g\",\"url\":\"https:\\\/\\\/secure.gravatar.com\\\/avatar\\\/679180cc76f31fd0d0bee5297e45d578426fc5f3fafe38a04ba54b193de8cc51?s=96&d=mm&r=g\",\"contentUrl\":\"https:\\\/\\\/secure.gravatar.com\\\/avatar\\\/679180cc76f31fd0d0bee5297e45d578426fc5f3fafe38a04ba54b193de8cc51?s=96&d=mm&r=g\",\"caption\":\"Ariadna Costas\"}}]}<\/script>\n<!-- \/ Yoast SEO plugin. -->","yoast_head_json":{"title":"Abre sus puertas la nueva Escola Internacional Innova - Amic ONG","robots":{"index":"index","follow":"follow","max-snippet":"max-snippet:-1","max-image-preview":"max-image-preview:large","max-video-preview":"max-video-preview:-1"},"canonical":"https:\/\/ongamic.org\/es\/abre-sus-puertas-la-nueva-escola-internacional-innova\/","og_locale":"es_ES","og_type":"article","og_title":"Abre sus puertas la nueva Escola Internacional Innova - Amic ONG","og_description":"Este mes de septiembre, despu\u00e9s de grandes esfuerzos y mucha ilusi\u00f3n, abrimos las puertas de la nueva Escola Internacional Innova. Una escuela que acoger\u00e1 a los ni\u00f1os y ni\u00f1as de 6 a 10 a\u00f1os de la comunidad de Bisselanca, una zona rural muy pobre, donde los ni\u00f1os trabajan duro para ayudar a sus familias. Esta...","og_url":"https:\/\/ongamic.org\/es\/abre-sus-puertas-la-nueva-escola-internacional-innova\/","og_site_name":"Amic ONG","article_published_time":"2019-09-09T15:15:59+00:00","og_image":[{"width":1080,"height":810,"url":"https:\/\/ongamic.org\/wp-content\/uploads\/2019\/09\/IMG-20190909-WA0001.jpg","type":"image\/jpeg"}],"author":"Ariadna Costas","twitter_card":"summary_large_image","twitter_misc":{"Escrito por":"Ariadna Costas","Tiempo de lectura":"1 minuto"},"schema":{"@context":"https:\/\/schema.org","@graph":[{"@type":"Article","@id":"https:\/\/ongamic.org\/es\/abre-sus-puertas-la-nueva-escola-internacional-innova\/#article","isPartOf":{"@id":"https:\/\/ongamic.org\/es\/abre-sus-puertas-la-nueva-escola-internacional-innova\/"},"author":{"name":"Ariadna Costas","@id":"https:\/\/ongamic.org\/#\/schema\/person\/d38b165bc477410408df7f83fc32ec61"},"headline":"Abre sus puertas la nueva Escola Internacional Innova","datePublished":"2019-09-09T15:15:59+00:00","mainEntityOfPage":{"@id":"https:\/\/ongamic.org\/es\/abre-sus-puertas-la-nueva-escola-internacional-innova\/"},"wordCount":266,"publisher":{"@id":"https:\/\/ongamic.org\/#organization"},"image":{"@id":"https:\/\/ongamic.org\/es\/abre-sus-puertas-la-nueva-escola-internacional-innova\/#primaryimage"},"thumbnailUrl":"https:\/\/ongamic.org\/wp-content\/uploads\/2019\/09\/IMG-20190909-WA0001.jpg","articleSection":["General @es"],"inLanguage":"es"},{"@type":"WebPage","@id":"https:\/\/ongamic.org\/es\/abre-sus-puertas-la-nueva-escola-internacional-innova\/","url":"https:\/\/ongamic.org\/es\/abre-sus-puertas-la-nueva-escola-internacional-innova\/","name":"Abre sus puertas la nueva Escola Internacional Innova - Amic ONG","isPartOf":{"@id":"https:\/\/ongamic.org\/#website"},"primaryImageOfPage":{"@id":"https:\/\/ongamic.org\/es\/abre-sus-puertas-la-nueva-escola-internacional-innova\/#primaryimage"},"image":{"@id":"https:\/\/ongamic.org\/es\/abre-sus-puertas-la-nueva-escola-internacional-innova\/#primaryimage"},"thumbnailUrl":"https:\/\/ongamic.org\/wp-content\/uploads\/2019\/09\/IMG-20190909-WA0001.jpg","datePublished":"2019-09-09T15:15:59+00:00","breadcrumb":{"@id":"https:\/\/ongamic.org\/es\/abre-sus-puertas-la-nueva-escola-internacional-innova\/#breadcrumb"},"inLanguage":"es","potentialAction":[{"@type":"ReadAction","target":["https:\/\/ongamic.org\/es\/abre-sus-puertas-la-nueva-escola-internacional-innova\/"]}]},{"@type":"ImageObject","inLanguage":"es","@id":"https:\/\/ongamic.org\/es\/abre-sus-puertas-la-nueva-escola-internacional-innova\/#primaryimage","url":"https:\/\/ongamic.org\/wp-content\/uploads\/2019\/09\/IMG-20190909-WA0001.jpg","contentUrl":"https:\/\/ongamic.org\/wp-content\/uploads\/2019\/09\/IMG-20190909-WA0001.jpg","width":1080,"height":810},{"@type":"BreadcrumbList","@id":"https:\/\/ongamic.org\/es\/abre-sus-puertas-la-nueva-escola-internacional-innova\/#breadcrumb","itemListElement":[{"@type":"ListItem","position":1,"name":"Inici","item":"https:\/\/ongamic.org\/es\/"},{"@type":"ListItem","position":2,"name":"Abre sus puertas la nueva Escola Internacional Innova"}]},{"@type":"WebSite","@id":"https:\/\/ongamic.org\/#website","url":"https:\/\/ongamic.org\/","name":"ONG AMIC","description":"ONG que treballa a Guinea Bissau","publisher":{"@id":"https:\/\/ongamic.org\/#organization"},"potentialAction":[{"@type":"SearchAction","target":{"@type":"EntryPoint","urlTemplate":"https:\/\/ongamic.org\/?s={search_term_string}"},"query-input":{"@type":"PropertyValueSpecification","valueRequired":true,"valueName":"search_term_string"}}],"inLanguage":"es"},{"@type":"Organization","@id":"https:\/\/ongamic.org\/#organization","name":"ONG AMIC","url":"https:\/\/ongamic.org\/","logo":{"@type":"ImageObject","inLanguage":"es","@id":"https:\/\/ongamic.org\/#\/schema\/logo\/image\/","url":"https:\/\/ongamic.org\/wp-content\/uploads\/2023\/01\/logo-amic-per-adhesiu.png","contentUrl":"https:\/\/ongamic.org\/wp-content\/uploads\/2023\/01\/logo-amic-per-adhesiu.png","width":1033,"height":591,"caption":"ONG AMIC"},"image":{"@id":"https:\/\/ongamic.org\/#\/schema\/logo\/image\/"},"sameAs":["https:\/\/www.instagram.com\/ong_amic\/"]},{"@type":"Person","@id":"https:\/\/ongamic.org\/#\/schema\/person\/d38b165bc477410408df7f83fc32ec61","name":"Ariadna Costas","image":{"@type":"ImageObject","inLanguage":"es","@id":"https:\/\/secure.gravatar.com\/avatar\/679180cc76f31fd0d0bee5297e45d578426fc5f3fafe38a04ba54b193de8cc51?s=96&d=mm&r=g","url":"https:\/\/secure.gravatar.com\/avatar\/679180cc76f31fd0d0bee5297e45d578426fc5f3fafe38a04ba54b193de8cc51?s=96&d=mm&r=g","contentUrl":"https:\/\/secure.gravatar.com\/avatar\/679180cc76f31fd0d0bee5297e45d578426fc5f3fafe38a04ba54b193de8cc51?s=96&d=mm&r=g","caption":"Ariadna Costas"}}]}},"_links":{"self":[{"href":"https:\/\/ongamic.org\/es\/wp-json\/wp\/v2\/posts\/1069","targetHints":{"allow":["GET"]}}],"collection":[{"href":"https:\/\/ongamic.org\/es\/wp-json\/wp\/v2\/posts"}],"about":[{"href":"https:\/\/ongamic.org\/es\/wp-json\/wp\/v2\/types\/post"}],"author":[{"embeddable":true,"href":"https:\/\/ongamic.org\/es\/wp-json\/wp\/v2\/users\/141"}],"replies":[{"embeddable":true,"href":"https:\/\/ongamic.org\/es\/wp-json\/wp\/v2\/comments?post=1069"}],"version-history":[{"count":0,"href":"https:\/\/ongamic.org\/es\/wp-json\/wp\/v2\/posts\/1069\/revisions"}],"wp:featuredmedia":[{"embeddable":true,"href":"https:\/\/ongamic.org\/es\/wp-json\/wp\/v2\/media\/1071"}],"wp:attachment":[{"href":"https:\/\/ongamic.org\/es\/wp-json\/wp\/v2\/media?parent=1069"}],"wp:term":[{"taxonomy":"category","embeddable":true,"href":"https:\/\/ongamic.org\/es\/wp-json\/wp\/v2\/categories?post=1069"},{"taxonomy":"post_tag","embeddable":true,"href":"https:\/\/ongamic.org\/es\/wp-json\/wp\/v2\/tags?post=1069"}],"curies":[{"name":"wp","href":"https:\/\/api.w.org\/{rel}","templated":true}]}}