{"id":20710,"date":"2022-11-03T08:01:19","date_gmt":"2022-11-03T08:01:19","guid":{"rendered":"https:\/\/ongamic.org\/?p=20710"},"modified":"2023-06-09T08:14:50","modified_gmt":"2023-06-09T08:14:50","slug":"ong-amic-inaugura-la-exposicion-les-altres-dones-del-s-xxi","status":"publish","type":"post","link":"https:\/\/ongamic.org\/es\/ong-amic-inaugura-la-exposicion-les-altres-dones-del-s-xxi\/","title":{"rendered":"ONG AMIC inaugura la exposici\u00f3n \u201cLes Altres Dones del s.XXI\u201d"},"content":{"rendered":"<p>ONG AMIC, con la colaboraci\u00f3n de la Fundaci\u00f3n Dr. Ivan Ma\u00f1ero, presentar\u00e1 el pr\u00f3ximo 3 de noviembre a las 18h la exposici\u00f3n \u201c<a href=\"https:\/\/www.lesaltresdones.com\/\">Les Altres Dones del s.XXI<\/a>\u201d en la <a href=\"https:\/\/centresculturals.santcugat.cat\/14330\/exposicio\/134\/\">Casa de la Cultura en Sant Cugat<\/a>. Una exposici\u00f3n que quiere convertirse en un espacio de reflexi\u00f3n sobre el papel de la mujer en \u00c1frica, centr\u00e1ndose en un peque\u00f1o pa\u00eds: Guinea Bissau.<!--more--><span id=\"more-1251\"><\/span><\/p>\n<h2><strong>Un proyecto de sensibilizaci\u00f3n<\/strong><\/h2>\n<p><a href=\"https:\/\/ongamic.org\/wp-content\/uploads\/2023\/01\/les-altres-dones-del-segle-XXI.jpg\"><img fetchpriority=\"high\" decoding=\"async\" class=\"size-medium wp-image-19486 alignright\" src=\"https:\/\/ongamic.org\/wp-content\/uploads\/2023\/01\/les-altres-dones-del-segle-XXI-300x200.jpg\" alt=\"exposici\u00f3 les altres dones\" width=\"300\" height=\"200\" srcset=\"https:\/\/ongamic.org\/wp-content\/uploads\/2023\/01\/les-altres-dones-del-segle-XXI-300x200.jpg 300w, https:\/\/ongamic.org\/wp-content\/uploads\/2023\/01\/les-altres-dones-del-segle-XXI-600x400.jpg 600w, https:\/\/ongamic.org\/wp-content\/uploads\/2023\/01\/les-altres-dones-del-segle-XXI-768x511.jpg 768w, https:\/\/ongamic.org\/wp-content\/uploads\/2023\/01\/les-altres-dones-del-segle-XXI.jpg 865w\" sizes=\"(max-width: 300px) 100vw, 300px\" \/><\/a>\u00abLes altres dones del s. XXI\u00bb estar\u00e1 disponible en la Casa de Cultura de Sant Cugat durante un mes: del 3 de noviembre al 3 de diciembre, de <strong>forma gratuita.<\/strong><\/p>\n<p>Este proyecto emerge de un proceso de reflexi\u00f3n y maduraci\u00f3n de m\u00e1s de quince a\u00f1os, por parte de ONG AMIC y la Fundaci\u00f3 Dr. Ivan Ma\u00f1ero. Y, tambi\u00e9n, gracias al apoyo de entidades p\u00fablicas como: l&#8217;Ajuntament de Sant Cugat del Vall\u00e8s, el Fons Catal\u00e0 de Cooperaci\u00f3 al Desenvolupament y l\u2019Ajuntament de la Roca del Vall\u00e8s.<\/p>\n<h2><strong>Una exposici\u00f3n guiada por los sentidos: la vista y el o\u00eddo<\/strong><\/h2>\n<p>\u00abSi las mujeres bajaran los brazos, el cielo caer\u00eda\u00bb, es un proverbio africano que define todo lo que las mujeres significan en la sociedad de Guinea-Bissau y en muchos otros pa\u00edses de \u00c1frica.<\/p>\n<p>La exposici\u00f3n nos gu\u00eda a trav\u00e9s de los sentidos: la vista (im\u00e1genes) y el o\u00eddo (podcast). Visualmente, a trav\u00e9s de im\u00e1genes impresas en telas y \u201ctendidas\u201d en un toldo hecho de cuerdas como los que podemos encontrar en todas las tabancas (poblados) de Guinea Bissau, se quiere ofrecer un espacio donde dar a conocer y reflexionar sobre la situaci\u00f3n de desigualdad, discriminaci\u00f3n, invisibilidad y carencia de derechos que viven cada d\u00eda estas mujeres.<\/p>\n<h2><strong>La historia de Djatu<\/strong><\/h2>\n<p><a href=\"https:\/\/ongamic.org\/wp-content\/uploads\/2023\/01\/WhatsApp-Image-2022-10-31-at-11.17.20-200x300-1.jpg\"><img decoding=\"async\" class=\"size-full wp-image-19841 alignright\" src=\"https:\/\/ongamic.org\/wp-content\/uploads\/2023\/01\/WhatsApp-Image-2022-10-31-at-11.17.20-200x300-1.jpg\" alt=\"exposici\u00f3 les altres dones del segle xxi\" width=\"200\" height=\"300\" \/><\/a><\/p>\n<p>Adem\u00e1s, el espacio ofrecer\u00e1 un relato sonoro de Djatu, una ni\u00f1a de 7 a\u00f1os que mira a su alrededor con unos ojos inquisitivos, la cual valorar\u00e1, desde su propia experiencia, qu\u00e9 es ser mujer en un pa\u00eds como Guinea Bissau. Su relato se escuchar\u00e1 a trav\u00e9s de una serie de podcast que ser\u00e1n accesibles a trav\u00e9s de un c\u00f3digo QR durante el recorrido de la exposici\u00f3n.<\/p>\n<p>Durante un a\u00f1o de la vida de Djatu, conoceremos cu\u00e1l es la situaci\u00f3n de las mujeres en Guinea-Bissau desde que nacen hasta su vejez. Y podremos reflexionar sobre el concepto de mujer del siglo XXI que impera en nuestro imaginario y contrastarlo la realidad que viven a diario cerca del 80% de la poblaci\u00f3n femenina mundial.<\/p>\n","protected":false},"excerpt":{"rendered":"<p>ONG AMIC, con la colaboraci\u00f3n de la Fundaci\u00f3n Dr. Ivan Ma\u00f1ero, presentar\u00e1 el pr\u00f3ximo 3 de noviembre a las 18h la exposici\u00f3n \u201cLes Altres Dones del s.XXI\u201d en la Casa de la Cultura en Sant Cugat. Una exposici\u00f3n que quiere convertirse en un espacio de reflexi\u00f3n sobre el papel de la mujer en \u00c1frica, centr\u00e1ndose&#8230;<\/p>\n","protected":false},"author":142,"featured_media":19844,"comment_status":"closed","ping_status":"open","sticky":false,"template":"","format":"standard","meta":{"_joinchat":[],"footnotes":""},"categories":[13],"tags":[],"class_list":["post-20710","post","type-post","status-publish","format-standard","has-post-thumbnail","hentry","category-general-es"],"yoast_head":"<!-- This site is optimized with the Yoast SEO plugin v27.3 - https:\/\/yoast.com\/product\/yoast-seo-wordpress\/ -->\n<title>ONG AMIC inaugura la exposici\u00f3n \u201cLes Altres Dones del s.XXI\u201d - Amic ONG<\/title>\n<meta name=\"robots\" content=\"index, follow, max-snippet:-1, max-image-preview:large, max-video-preview:-1\" \/>\n<link rel=\"canonical\" href=\"https:\/\/ongamic.org\/es\/ong-amic-inaugura-la-exposicion-les-altres-dones-del-s-xxi\/\" \/>\n<meta property=\"og:locale\" content=\"es_ES\" \/>\n<meta property=\"og:type\" content=\"article\" \/>\n<meta property=\"og:title\" content=\"ONG AMIC inaugura la exposici\u00f3n \u201cLes Altres Dones del s.XXI\u201d - Amic ONG\" \/>\n<meta property=\"og:description\" content=\"ONG AMIC, con la colaboraci\u00f3n de la Fundaci\u00f3n Dr. Ivan Ma\u00f1ero, presentar\u00e1 el pr\u00f3ximo 3 de noviembre a las 18h la exposici\u00f3n \u201cLes Altres Dones del s.XXI\u201d en la Casa de la Cultura en Sant Cugat. Una exposici\u00f3n que quiere convertirse en un espacio de reflexi\u00f3n sobre el papel de la mujer en \u00c1frica, centr\u00e1ndose...\" \/>\n<meta property=\"og:url\" content=\"https:\/\/ongamic.org\/es\/ong-amic-inaugura-la-exposicion-les-altres-dones-del-s-xxi\/\" \/>\n<meta property=\"og:site_name\" content=\"Amic ONG\" \/>\n<meta property=\"article:published_time\" content=\"2022-11-03T08:01:19+00:00\" \/>\n<meta property=\"article:modified_time\" content=\"2023-06-09T08:14:50+00:00\" \/>\n<meta property=\"og:image\" content=\"https:\/\/ongamic.org\/wp-content\/uploads\/2023\/01\/WhatsApp-Image-2022-10-31-at-11.17.19-1-865x576-1.jpg\" \/>\n\t<meta property=\"og:image:width\" content=\"865\" \/>\n\t<meta property=\"og:image:height\" content=\"576\" \/>\n\t<meta property=\"og:image:type\" content=\"image\/jpeg\" \/>\n<meta name=\"author\" content=\"ruth\" \/>\n<meta name=\"twitter:card\" content=\"summary_large_image\" \/>\n<meta name=\"twitter:label1\" content=\"Escrito por\" \/>\n\t<meta name=\"twitter:data1\" content=\"ruth\" \/>\n\t<meta name=\"twitter:label2\" content=\"Tiempo de lectura\" \/>\n\t<meta name=\"twitter:data2\" content=\"3 minutos\" \/>\n<script type=\"application\/ld+json\" class=\"yoast-schema-graph\">{\"@context\":\"https:\\\/\\\/schema.org\",\"@graph\":[{\"@type\":\"Article\",\"@id\":\"https:\\\/\\\/ongamic.org\\\/es\\\/ong-amic-inaugura-la-exposicion-les-altres-dones-del-s-xxi\\\/#article\",\"isPartOf\":{\"@id\":\"https:\\\/\\\/ongamic.org\\\/es\\\/ong-amic-inaugura-la-exposicion-les-altres-dones-del-s-xxi\\\/\"},\"author\":{\"name\":\"ruth\",\"@id\":\"https:\\\/\\\/ongamic.org\\\/#\\\/schema\\\/person\\\/8a788af15117422ff6ac92172ea5eec6\"},\"headline\":\"ONG AMIC inaugura la exposici\u00f3n \u201cLes Altres Dones del s.XXI\u201d\",\"datePublished\":\"2022-11-03T08:01:19+00:00\",\"dateModified\":\"2023-06-09T08:14:50+00:00\",\"mainEntityOfPage\":{\"@id\":\"https:\\\/\\\/ongamic.org\\\/es\\\/ong-amic-inaugura-la-exposicion-les-altres-dones-del-s-xxi\\\/\"},\"wordCount\":450,\"publisher\":{\"@id\":\"https:\\\/\\\/ongamic.org\\\/#organization\"},\"image\":{\"@id\":\"https:\\\/\\\/ongamic.org\\\/es\\\/ong-amic-inaugura-la-exposicion-les-altres-dones-del-s-xxi\\\/#primaryimage\"},\"thumbnailUrl\":\"https:\\\/\\\/ongamic.org\\\/wp-content\\\/uploads\\\/2023\\\/01\\\/WhatsApp-Image-2022-10-31-at-11.17.19-1-865x576-1.jpg\",\"articleSection\":[\"General @es\"],\"inLanguage\":\"es\"},{\"@type\":\"WebPage\",\"@id\":\"https:\\\/\\\/ongamic.org\\\/es\\\/ong-amic-inaugura-la-exposicion-les-altres-dones-del-s-xxi\\\/\",\"url\":\"https:\\\/\\\/ongamic.org\\\/es\\\/ong-amic-inaugura-la-exposicion-les-altres-dones-del-s-xxi\\\/\",\"name\":\"ONG AMIC inaugura la exposici\u00f3n \u201cLes Altres Dones del s.XXI\u201d - Amic ONG\",\"isPartOf\":{\"@id\":\"https:\\\/\\\/ongamic.org\\\/#website\"},\"primaryImageOfPage\":{\"@id\":\"https:\\\/\\\/ongamic.org\\\/es\\\/ong-amic-inaugura-la-exposicion-les-altres-dones-del-s-xxi\\\/#primaryimage\"},\"image\":{\"@id\":\"https:\\\/\\\/ongamic.org\\\/es\\\/ong-amic-inaugura-la-exposicion-les-altres-dones-del-s-xxi\\\/#primaryimage\"},\"thumbnailUrl\":\"https:\\\/\\\/ongamic.org\\\/wp-content\\\/uploads\\\/2023\\\/01\\\/WhatsApp-Image-2022-10-31-at-11.17.19-1-865x576-1.jpg\",\"datePublished\":\"2022-11-03T08:01:19+00:00\",\"dateModified\":\"2023-06-09T08:14:50+00:00\",\"breadcrumb\":{\"@id\":\"https:\\\/\\\/ongamic.org\\\/es\\\/ong-amic-inaugura-la-exposicion-les-altres-dones-del-s-xxi\\\/#breadcrumb\"},\"inLanguage\":\"es\",\"potentialAction\":[{\"@type\":\"ReadAction\",\"target\":[\"https:\\\/\\\/ongamic.org\\\/es\\\/ong-amic-inaugura-la-exposicion-les-altres-dones-del-s-xxi\\\/\"]}]},{\"@type\":\"ImageObject\",\"inLanguage\":\"es\",\"@id\":\"https:\\\/\\\/ongamic.org\\\/es\\\/ong-amic-inaugura-la-exposicion-les-altres-dones-del-s-xxi\\\/#primaryimage\",\"url\":\"https:\\\/\\\/ongamic.org\\\/wp-content\\\/uploads\\\/2023\\\/01\\\/WhatsApp-Image-2022-10-31-at-11.17.19-1-865x576-1.jpg\",\"contentUrl\":\"https:\\\/\\\/ongamic.org\\\/wp-content\\\/uploads\\\/2023\\\/01\\\/WhatsApp-Image-2022-10-31-at-11.17.19-1-865x576-1.jpg\",\"width\":865,\"height\":576,\"caption\":\"les dones del segle xxi exposici\u00f3\"},{\"@type\":\"BreadcrumbList\",\"@id\":\"https:\\\/\\\/ongamic.org\\\/es\\\/ong-amic-inaugura-la-exposicion-les-altres-dones-del-s-xxi\\\/#breadcrumb\",\"itemListElement\":[{\"@type\":\"ListItem\",\"position\":1,\"name\":\"Inici\",\"item\":\"https:\\\/\\\/ongamic.org\\\/es\\\/\"},{\"@type\":\"ListItem\",\"position\":2,\"name\":\"ONG AMIC inaugura la exposici\u00f3n \u201cLes Altres Dones del s.XXI\u201d\"}]},{\"@type\":\"WebSite\",\"@id\":\"https:\\\/\\\/ongamic.org\\\/#website\",\"url\":\"https:\\\/\\\/ongamic.org\\\/\",\"name\":\"ONG AMIC\",\"description\":\"ONG que treballa a Guinea Bissau\",\"publisher\":{\"@id\":\"https:\\\/\\\/ongamic.org\\\/#organization\"},\"potentialAction\":[{\"@type\":\"SearchAction\",\"target\":{\"@type\":\"EntryPoint\",\"urlTemplate\":\"https:\\\/\\\/ongamic.org\\\/?s={search_term_string}\"},\"query-input\":{\"@type\":\"PropertyValueSpecification\",\"valueRequired\":true,\"valueName\":\"search_term_string\"}}],\"inLanguage\":\"es\"},{\"@type\":\"Organization\",\"@id\":\"https:\\\/\\\/ongamic.org\\\/#organization\",\"name\":\"ONG AMIC\",\"url\":\"https:\\\/\\\/ongamic.org\\\/\",\"logo\":{\"@type\":\"ImageObject\",\"inLanguage\":\"es\",\"@id\":\"https:\\\/\\\/ongamic.org\\\/#\\\/schema\\\/logo\\\/image\\\/\",\"url\":\"https:\\\/\\\/ongamic.org\\\/wp-content\\\/uploads\\\/2023\\\/01\\\/logo-amic-per-adhesiu.png\",\"contentUrl\":\"https:\\\/\\\/ongamic.org\\\/wp-content\\\/uploads\\\/2023\\\/01\\\/logo-amic-per-adhesiu.png\",\"width\":1033,\"height\":591,\"caption\":\"ONG AMIC\"},\"image\":{\"@id\":\"https:\\\/\\\/ongamic.org\\\/#\\\/schema\\\/logo\\\/image\\\/\"},\"sameAs\":[\"https:\\\/\\\/www.instagram.com\\\/ong_amic\\\/\"]},{\"@type\":\"Person\",\"@id\":\"https:\\\/\\\/ongamic.org\\\/#\\\/schema\\\/person\\\/8a788af15117422ff6ac92172ea5eec6\",\"name\":\"ruth\",\"image\":{\"@type\":\"ImageObject\",\"inLanguage\":\"es\",\"@id\":\"https:\\\/\\\/secure.gravatar.com\\\/avatar\\\/fa9c80e708af4d5ed45ff8dad1b0ef033a57687aa5b362e722d33e4a37b7a536?s=96&d=mm&r=g\",\"url\":\"https:\\\/\\\/secure.gravatar.com\\\/avatar\\\/fa9c80e708af4d5ed45ff8dad1b0ef033a57687aa5b362e722d33e4a37b7a536?s=96&d=mm&r=g\",\"contentUrl\":\"https:\\\/\\\/secure.gravatar.com\\\/avatar\\\/fa9c80e708af4d5ed45ff8dad1b0ef033a57687aa5b362e722d33e4a37b7a536?s=96&d=mm&r=g\",\"caption\":\"ruth\"}}]}<\/script>\n<!-- \/ Yoast SEO plugin. -->","yoast_head_json":{"title":"ONG AMIC inaugura la exposici\u00f3n \u201cLes Altres Dones del s.XXI\u201d - Amic ONG","robots":{"index":"index","follow":"follow","max-snippet":"max-snippet:-1","max-image-preview":"max-image-preview:large","max-video-preview":"max-video-preview:-1"},"canonical":"https:\/\/ongamic.org\/es\/ong-amic-inaugura-la-exposicion-les-altres-dones-del-s-xxi\/","og_locale":"es_ES","og_type":"article","og_title":"ONG AMIC inaugura la exposici\u00f3n \u201cLes Altres Dones del s.XXI\u201d - Amic ONG","og_description":"ONG AMIC, con la colaboraci\u00f3n de la Fundaci\u00f3n Dr. Ivan Ma\u00f1ero, presentar\u00e1 el pr\u00f3ximo 3 de noviembre a las 18h la exposici\u00f3n \u201cLes Altres Dones del s.XXI\u201d en la Casa de la Cultura en Sant Cugat. Una exposici\u00f3n que quiere convertirse en un espacio de reflexi\u00f3n sobre el papel de la mujer en \u00c1frica, centr\u00e1ndose...","og_url":"https:\/\/ongamic.org\/es\/ong-amic-inaugura-la-exposicion-les-altres-dones-del-s-xxi\/","og_site_name":"Amic ONG","article_published_time":"2022-11-03T08:01:19+00:00","article_modified_time":"2023-06-09T08:14:50+00:00","og_image":[{"width":865,"height":576,"url":"https:\/\/ongamic.org\/wp-content\/uploads\/2023\/01\/WhatsApp-Image-2022-10-31-at-11.17.19-1-865x576-1.jpg","type":"image\/jpeg"}],"author":"ruth","twitter_card":"summary_large_image","twitter_misc":{"Escrito por":"ruth","Tiempo de lectura":"3 minutos"},"schema":{"@context":"https:\/\/schema.org","@graph":[{"@type":"Article","@id":"https:\/\/ongamic.org\/es\/ong-amic-inaugura-la-exposicion-les-altres-dones-del-s-xxi\/#article","isPartOf":{"@id":"https:\/\/ongamic.org\/es\/ong-amic-inaugura-la-exposicion-les-altres-dones-del-s-xxi\/"},"author":{"name":"ruth","@id":"https:\/\/ongamic.org\/#\/schema\/person\/8a788af15117422ff6ac92172ea5eec6"},"headline":"ONG AMIC inaugura la exposici\u00f3n \u201cLes Altres Dones del s.XXI\u201d","datePublished":"2022-11-03T08:01:19+00:00","dateModified":"2023-06-09T08:14:50+00:00","mainEntityOfPage":{"@id":"https:\/\/ongamic.org\/es\/ong-amic-inaugura-la-exposicion-les-altres-dones-del-s-xxi\/"},"wordCount":450,"publisher":{"@id":"https:\/\/ongamic.org\/#organization"},"image":{"@id":"https:\/\/ongamic.org\/es\/ong-amic-inaugura-la-exposicion-les-altres-dones-del-s-xxi\/#primaryimage"},"thumbnailUrl":"https:\/\/ongamic.org\/wp-content\/uploads\/2023\/01\/WhatsApp-Image-2022-10-31-at-11.17.19-1-865x576-1.jpg","articleSection":["General @es"],"inLanguage":"es"},{"@type":"WebPage","@id":"https:\/\/ongamic.org\/es\/ong-amic-inaugura-la-exposicion-les-altres-dones-del-s-xxi\/","url":"https:\/\/ongamic.org\/es\/ong-amic-inaugura-la-exposicion-les-altres-dones-del-s-xxi\/","name":"ONG AMIC inaugura la exposici\u00f3n \u201cLes Altres Dones del s.XXI\u201d - Amic ONG","isPartOf":{"@id":"https:\/\/ongamic.org\/#website"},"primaryImageOfPage":{"@id":"https:\/\/ongamic.org\/es\/ong-amic-inaugura-la-exposicion-les-altres-dones-del-s-xxi\/#primaryimage"},"image":{"@id":"https:\/\/ongamic.org\/es\/ong-amic-inaugura-la-exposicion-les-altres-dones-del-s-xxi\/#primaryimage"},"thumbnailUrl":"https:\/\/ongamic.org\/wp-content\/uploads\/2023\/01\/WhatsApp-Image-2022-10-31-at-11.17.19-1-865x576-1.jpg","datePublished":"2022-11-03T08:01:19+00:00","dateModified":"2023-06-09T08:14:50+00:00","breadcrumb":{"@id":"https:\/\/ongamic.org\/es\/ong-amic-inaugura-la-exposicion-les-altres-dones-del-s-xxi\/#breadcrumb"},"inLanguage":"es","potentialAction":[{"@type":"ReadAction","target":["https:\/\/ongamic.org\/es\/ong-amic-inaugura-la-exposicion-les-altres-dones-del-s-xxi\/"]}]},{"@type":"ImageObject","inLanguage":"es","@id":"https:\/\/ongamic.org\/es\/ong-amic-inaugura-la-exposicion-les-altres-dones-del-s-xxi\/#primaryimage","url":"https:\/\/ongamic.org\/wp-content\/uploads\/2023\/01\/WhatsApp-Image-2022-10-31-at-11.17.19-1-865x576-1.jpg","contentUrl":"https:\/\/ongamic.org\/wp-content\/uploads\/2023\/01\/WhatsApp-Image-2022-10-31-at-11.17.19-1-865x576-1.jpg","width":865,"height":576,"caption":"les dones del segle xxi exposici\u00f3"},{"@type":"BreadcrumbList","@id":"https:\/\/ongamic.org\/es\/ong-amic-inaugura-la-exposicion-les-altres-dones-del-s-xxi\/#breadcrumb","itemListElement":[{"@type":"ListItem","position":1,"name":"Inici","item":"https:\/\/ongamic.org\/es\/"},{"@type":"ListItem","position":2,"name":"ONG AMIC inaugura la exposici\u00f3n \u201cLes Altres Dones del s.XXI\u201d"}]},{"@type":"WebSite","@id":"https:\/\/ongamic.org\/#website","url":"https:\/\/ongamic.org\/","name":"ONG AMIC","description":"ONG que treballa a Guinea Bissau","publisher":{"@id":"https:\/\/ongamic.org\/#organization"},"potentialAction":[{"@type":"SearchAction","target":{"@type":"EntryPoint","urlTemplate":"https:\/\/ongamic.org\/?s={search_term_string}"},"query-input":{"@type":"PropertyValueSpecification","valueRequired":true,"valueName":"search_term_string"}}],"inLanguage":"es"},{"@type":"Organization","@id":"https:\/\/ongamic.org\/#organization","name":"ONG AMIC","url":"https:\/\/ongamic.org\/","logo":{"@type":"ImageObject","inLanguage":"es","@id":"https:\/\/ongamic.org\/#\/schema\/logo\/image\/","url":"https:\/\/ongamic.org\/wp-content\/uploads\/2023\/01\/logo-amic-per-adhesiu.png","contentUrl":"https:\/\/ongamic.org\/wp-content\/uploads\/2023\/01\/logo-amic-per-adhesiu.png","width":1033,"height":591,"caption":"ONG AMIC"},"image":{"@id":"https:\/\/ongamic.org\/#\/schema\/logo\/image\/"},"sameAs":["https:\/\/www.instagram.com\/ong_amic\/"]},{"@type":"Person","@id":"https:\/\/ongamic.org\/#\/schema\/person\/8a788af15117422ff6ac92172ea5eec6","name":"ruth","image":{"@type":"ImageObject","inLanguage":"es","@id":"https:\/\/secure.gravatar.com\/avatar\/fa9c80e708af4d5ed45ff8dad1b0ef033a57687aa5b362e722d33e4a37b7a536?s=96&d=mm&r=g","url":"https:\/\/secure.gravatar.com\/avatar\/fa9c80e708af4d5ed45ff8dad1b0ef033a57687aa5b362e722d33e4a37b7a536?s=96&d=mm&r=g","contentUrl":"https:\/\/secure.gravatar.com\/avatar\/fa9c80e708af4d5ed45ff8dad1b0ef033a57687aa5b362e722d33e4a37b7a536?s=96&d=mm&r=g","caption":"ruth"}}]}},"_links":{"self":[{"href":"https:\/\/ongamic.org\/es\/wp-json\/wp\/v2\/posts\/20710","targetHints":{"allow":["GET"]}}],"collection":[{"href":"https:\/\/ongamic.org\/es\/wp-json\/wp\/v2\/posts"}],"about":[{"href":"https:\/\/ongamic.org\/es\/wp-json\/wp\/v2\/types\/post"}],"author":[{"embeddable":true,"href":"https:\/\/ongamic.org\/es\/wp-json\/wp\/v2\/users\/142"}],"replies":[{"embeddable":true,"href":"https:\/\/ongamic.org\/es\/wp-json\/wp\/v2\/comments?post=20710"}],"version-history":[{"count":0,"href":"https:\/\/ongamic.org\/es\/wp-json\/wp\/v2\/posts\/20710\/revisions"}],"wp:featuredmedia":[{"embeddable":true,"href":"https:\/\/ongamic.org\/es\/wp-json\/wp\/v2\/media\/19844"}],"wp:attachment":[{"href":"https:\/\/ongamic.org\/es\/wp-json\/wp\/v2\/media?parent=20710"}],"wp:term":[{"taxonomy":"category","embeddable":true,"href":"https:\/\/ongamic.org\/es\/wp-json\/wp\/v2\/categories?post=20710"},{"taxonomy":"post_tag","embeddable":true,"href":"https:\/\/ongamic.org\/es\/wp-json\/wp\/v2\/tags?post=20710"}],"curies":[{"name":"wp","href":"https:\/\/api.w.org\/{rel}","templated":true}]}}