{"id":20737,"date":"2023-06-09T11:16:26","date_gmt":"2023-06-09T11:16:26","guid":{"rendered":"https:\/\/ongamic.org\/?p=20737"},"modified":"2023-06-12T09:41:35","modified_gmt":"2023-06-12T09:41:35","slug":"la-capsa-amic-un-viaje-a-africa-con-los-sentidos","status":"publish","type":"post","link":"https:\/\/ongamic.org\/es\/la-capsa-amic-un-viaje-a-africa-con-los-sentidos\/","title":{"rendered":"La capsa AMIC: Un viaje a \u00c0frica con los sentidos"},"content":{"rendered":"<p>Desde la ONG AMIC, presentamos un nuevo proyecto de apadrinamiento <strong>\u00abLa capsa AMIC\u00bb<\/strong>, un viaje a \u00c1frica con los sentidos del o\u00eddo, el olfato, el gusto, el tacto y la vista, a trav\u00e9s de una serie de productos que promueven y ayudan a conectar con la cultura del continente africano.<\/p>\n<p><!--more--><\/p>\n<h2><strong>Apadrinamiento con \u201cLa capsa AMIC\u201d<\/strong><\/h2>\n<p>El continente africano es uno de los m\u00e1s castigados por la pobreza, se encuentran algunos pa\u00edses menos desarrollados del mundo, como <strong>Guinea Bissau<\/strong>. La falta de recursos provoca que la mayor\u00eda de los ni\u00f1os no tengan cubiertas las necesidades b\u00e1sicas, como la alimentaci\u00f3n, la sanidad y la educaci\u00f3n. <strong>El apadrinamiento<\/strong> es una forma directa, sencilla y cercana de ayudar a un ni\u00f1o.<\/p>\n<p>A trav\u00e9s de AMIC ofrecemos la posibilidad de apadrinar para garantizar un futuro mejor a los ni\u00f1os de Guinea Bissau.<\/p>\n<p><a href=\"https:\/\/ongamic.org\/wp-content\/uploads\/2023\/06\/884dfd51-50ea-4084-9eb6-7f0b693e94dd.png\"><img decoding=\"async\" class=\"size-medium wp-image-20729 alignright\" src=\"https:\/\/ongamic.org\/wp-content\/uploads\/2023\/06\/884dfd51-50ea-4084-9eb6-7f0b693e94dd-300x166.png\" alt=\"\" width=\"300\" height=\"166\" \/><\/a><\/p>\n<p>Con este prop\u00f3sito, <strong>ONG AMIC<\/strong> ha iniciado un proyecto de apadrinamiento a trav\u00e9s de <strong>\u201cLa capsa AMIC\u201d<\/strong>, una experiencia inmersiva que te permite viajar a \u00c1frica con los sentidos y conectar con la cultura del pa\u00eds. Con la compra de esta caja colaboras en el apadrinamiento de un ni\u00f1o, ofreci\u00e9ndole una educaci\u00f3n, una alimentaci\u00f3n y una sanidad de calidad.<\/p>\n<h2>\u00bfQu\u00e9 promueve \u201cLa capsa AMIC\u201d?<\/h2>\n<p>Con esta iniciativa buscamos promover:<a href=\"https:\/\/ongamic.org\/wp-content\/uploads\/2023\/06\/5-scaled.jpg\"><img fetchpriority=\"high\" decoding=\"async\" class=\"size-medium wp-image-20749 alignright\" src=\"https:\/\/ongamic.org\/wp-content\/uploads\/2023\/06\/5-300x223.jpg\" alt=\"capsa amic\" width=\"300\" height=\"223\" srcset=\"https:\/\/ongamic.org\/wp-content\/uploads\/2023\/06\/5-300x223.jpg 300w, https:\/\/ongamic.org\/wp-content\/uploads\/2023\/06\/5-scaled-600x447.jpg 600w, https:\/\/ongamic.org\/wp-content\/uploads\/2023\/06\/5-1024x762.jpg 1024w, https:\/\/ongamic.org\/wp-content\/uploads\/2023\/06\/5-768x572.jpg 768w, https:\/\/ongamic.org\/wp-content\/uploads\/2023\/06\/5-1536x1143.jpg 1536w\" sizes=\"(max-width: 300px) 100vw, 300px\" \/><\/a><\/p>\n<ul>\n<li>El apadrinamiento<\/li>\n<li>La cultura<\/li>\n<li>Los valores<\/li>\n<li>La diversidad<\/li>\n<li>La creatividad<\/li>\n<\/ul>\n<p>Un proyecto que se ha impulsado gracias a la colaboraci\u00f3n de R\u00e0dio Contes y Lamb\u00fa Comunicaci\u00f3.<\/p>\n<h2>\u00bfQu\u00e9 pod\u00e9is encontrar dentro de la caja?<\/h2>\n<p>Una vez abierta <strong>\u201c<\/strong><strong>La capsa AMIC\u201d<\/strong> pod\u00e9is iniciar un viaje a \u00c1frica con los sentidos. Con el o\u00eddo mediante un l\u00e1piz de memoria lleno de cuentos, historias y leyendas tradicionales del continente africano. Con el olfato y el gusto, gracias al delantal y las diversas recetas africanas que encontrar\u00e1 en su interior. Y con el tacto y la vista, pintando con los l\u00e1pices de colores las telas africanas del libreto de mandalas.<\/p>\n<p>Adem\u00e1s, disfrutar de la lectura con el peque\u00f1o cuento <strong>\u201c<\/strong><strong>El nen sense nom\u201d<\/strong>, la historia de un ni\u00f1o de Guinea Bissau escrita por Ruth\u00a0Ma\u00f1ero\u00a0y Marta\u00a0Catal\u00e1n. Y lo m\u00e1s importante, colaborar para ofrecer un futuro mejor para los ni\u00f1os de Guinea-Bissau.<\/p>\n<p>&nbsp;<\/p>\n<p><iframe title=\"La capsa AMIC: Un viatge a l&#039;\u00c0frica amb els sentits\" width=\"1060\" height=\"596\" src=\"https:\/\/www.youtube.com\/embed\/1Jteksw7QUY?feature=oembed&#038;enablejsapi=1&#038;origin=https:\/\/ongamic.org\" frameborder=\"0\" allow=\"accelerometer; autoplay; clipboard-write; encrypted-media; gyroscope; picture-in-picture; web-share\" allowfullscreen><\/iframe><\/p>\n<p>&nbsp;<\/p>\n<p>&nbsp;<\/p>\n<p>&nbsp;<\/p>\n","protected":false},"excerpt":{"rendered":"<p>Desde la ONG AMIC, presentamos un nuevo proyecto de apadrinamiento \u00abLa capsa AMIC\u00bb, un viaje a \u00c1frica con los sentidos del o\u00eddo, el olfato, el gusto, el tacto y la vista, a trav\u00e9s de una serie de productos que promueven y ayudan a conectar con la cultura del continente africano.<\/p>\n","protected":false},"author":142,"featured_media":20757,"comment_status":"closed","ping_status":"open","sticky":false,"template":"","format":"standard","meta":{"_joinchat":[],"footnotes":""},"categories":[58],"tags":[],"class_list":["post-20737","post","type-post","status-publish","format-standard","has-post-thumbnail","hentry","category-sala-de-padrins-es"],"yoast_head":"<!-- This site is optimized with the Yoast SEO plugin v27.3 - https:\/\/yoast.com\/product\/yoast-seo-wordpress\/ -->\n<title>La capsa AMIC: Un viaje a \u00c0frica con los sentidos - Amic ONG<\/title>\n<meta name=\"robots\" content=\"index, follow, max-snippet:-1, max-image-preview:large, max-video-preview:-1\" \/>\n<link rel=\"canonical\" href=\"https:\/\/ongamic.org\/es\/la-capsa-amic-un-viaje-a-africa-con-los-sentidos\/\" \/>\n<meta property=\"og:locale\" content=\"es_ES\" \/>\n<meta property=\"og:type\" content=\"article\" \/>\n<meta property=\"og:title\" content=\"La capsa AMIC: Un viaje a \u00c0frica con los sentidos - Amic ONG\" \/>\n<meta property=\"og:description\" content=\"Desde la ONG AMIC, presentamos un nuevo proyecto de apadrinamiento \u00abLa capsa AMIC\u00bb, un viaje a \u00c1frica con los sentidos del o\u00eddo, el olfato, el gusto, el tacto y la vista, a trav\u00e9s de una serie de productos que promueven y ayudan a conectar con la cultura del continente africano.\" \/>\n<meta property=\"og:url\" content=\"https:\/\/ongamic.org\/es\/la-capsa-amic-un-viaje-a-africa-con-los-sentidos\/\" \/>\n<meta property=\"og:site_name\" content=\"Amic ONG\" \/>\n<meta property=\"article:published_time\" content=\"2023-06-09T11:16:26+00:00\" \/>\n<meta property=\"article:modified_time\" content=\"2023-06-12T09:41:35+00:00\" \/>\n<meta property=\"og:image\" content=\"https:\/\/ongamic.org\/wp-content\/uploads\/2023\/06\/4-scaled.jpg\" \/>\n\t<meta property=\"og:image:width\" content=\"2560\" \/>\n\t<meta property=\"og:image:height\" content=\"1637\" \/>\n\t<meta property=\"og:image:type\" content=\"image\/jpeg\" \/>\n<meta name=\"author\" content=\"ruth\" \/>\n<meta name=\"twitter:card\" content=\"summary_large_image\" \/>\n<meta name=\"twitter:label1\" content=\"Escrito por\" \/>\n\t<meta name=\"twitter:data1\" content=\"ruth\" \/>\n\t<meta name=\"twitter:label2\" content=\"Tiempo de lectura\" \/>\n\t<meta name=\"twitter:data2\" content=\"3 minutos\" \/>\n<script type=\"application\/ld+json\" class=\"yoast-schema-graph\">{\"@context\":\"https:\\\/\\\/schema.org\",\"@graph\":[{\"@type\":\"Article\",\"@id\":\"https:\\\/\\\/ongamic.org\\\/es\\\/la-capsa-amic-un-viaje-a-africa-con-los-sentidos\\\/#article\",\"isPartOf\":{\"@id\":\"https:\\\/\\\/ongamic.org\\\/es\\\/la-capsa-amic-un-viaje-a-africa-con-los-sentidos\\\/\"},\"author\":{\"name\":\"ruth\",\"@id\":\"https:\\\/\\\/ongamic.org\\\/#\\\/schema\\\/person\\\/8a788af15117422ff6ac92172ea5eec6\"},\"headline\":\"La capsa AMIC: Un viaje a \u00c0frica con los sentidos\",\"datePublished\":\"2023-06-09T11:16:26+00:00\",\"dateModified\":\"2023-06-12T09:41:35+00:00\",\"mainEntityOfPage\":{\"@id\":\"https:\\\/\\\/ongamic.org\\\/es\\\/la-capsa-amic-un-viaje-a-africa-con-los-sentidos\\\/\"},\"wordCount\":411,\"publisher\":{\"@id\":\"https:\\\/\\\/ongamic.org\\\/#organization\"},\"image\":{\"@id\":\"https:\\\/\\\/ongamic.org\\\/es\\\/la-capsa-amic-un-viaje-a-africa-con-los-sentidos\\\/#primaryimage\"},\"thumbnailUrl\":\"https:\\\/\\\/ongamic.org\\\/wp-content\\\/uploads\\\/2023\\\/06\\\/4-scaled.jpg\",\"articleSection\":[\"Sala de padrins\"],\"inLanguage\":\"es\"},{\"@type\":\"WebPage\",\"@id\":\"https:\\\/\\\/ongamic.org\\\/es\\\/la-capsa-amic-un-viaje-a-africa-con-los-sentidos\\\/\",\"url\":\"https:\\\/\\\/ongamic.org\\\/es\\\/la-capsa-amic-un-viaje-a-africa-con-los-sentidos\\\/\",\"name\":\"La capsa AMIC: Un viaje a \u00c0frica con los sentidos - Amic ONG\",\"isPartOf\":{\"@id\":\"https:\\\/\\\/ongamic.org\\\/#website\"},\"primaryImageOfPage\":{\"@id\":\"https:\\\/\\\/ongamic.org\\\/es\\\/la-capsa-amic-un-viaje-a-africa-con-los-sentidos\\\/#primaryimage\"},\"image\":{\"@id\":\"https:\\\/\\\/ongamic.org\\\/es\\\/la-capsa-amic-un-viaje-a-africa-con-los-sentidos\\\/#primaryimage\"},\"thumbnailUrl\":\"https:\\\/\\\/ongamic.org\\\/wp-content\\\/uploads\\\/2023\\\/06\\\/4-scaled.jpg\",\"datePublished\":\"2023-06-09T11:16:26+00:00\",\"dateModified\":\"2023-06-12T09:41:35+00:00\",\"breadcrumb\":{\"@id\":\"https:\\\/\\\/ongamic.org\\\/es\\\/la-capsa-amic-un-viaje-a-africa-con-los-sentidos\\\/#breadcrumb\"},\"inLanguage\":\"es\",\"potentialAction\":[{\"@type\":\"ReadAction\",\"target\":[\"https:\\\/\\\/ongamic.org\\\/es\\\/la-capsa-amic-un-viaje-a-africa-con-los-sentidos\\\/\"]}]},{\"@type\":\"ImageObject\",\"inLanguage\":\"es\",\"@id\":\"https:\\\/\\\/ongamic.org\\\/es\\\/la-capsa-amic-un-viaje-a-africa-con-los-sentidos\\\/#primaryimage\",\"url\":\"https:\\\/\\\/ongamic.org\\\/wp-content\\\/uploads\\\/2023\\\/06\\\/4-scaled.jpg\",\"contentUrl\":\"https:\\\/\\\/ongamic.org\\\/wp-content\\\/uploads\\\/2023\\\/06\\\/4-scaled.jpg\",\"width\":2560,\"height\":1637,\"caption\":\"Caixa educativa per a infants llegendes africanes\"},{\"@type\":\"BreadcrumbList\",\"@id\":\"https:\\\/\\\/ongamic.org\\\/es\\\/la-capsa-amic-un-viaje-a-africa-con-los-sentidos\\\/#breadcrumb\",\"itemListElement\":[{\"@type\":\"ListItem\",\"position\":1,\"name\":\"Inici\",\"item\":\"https:\\\/\\\/ongamic.org\\\/es\\\/\"},{\"@type\":\"ListItem\",\"position\":2,\"name\":\"La capsa AMIC: Un viaje a \u00c0frica con los sentidos\"}]},{\"@type\":\"WebSite\",\"@id\":\"https:\\\/\\\/ongamic.org\\\/#website\",\"url\":\"https:\\\/\\\/ongamic.org\\\/\",\"name\":\"ONG AMIC\",\"description\":\"ONG que treballa a Guinea Bissau\",\"publisher\":{\"@id\":\"https:\\\/\\\/ongamic.org\\\/#organization\"},\"potentialAction\":[{\"@type\":\"SearchAction\",\"target\":{\"@type\":\"EntryPoint\",\"urlTemplate\":\"https:\\\/\\\/ongamic.org\\\/?s={search_term_string}\"},\"query-input\":{\"@type\":\"PropertyValueSpecification\",\"valueRequired\":true,\"valueName\":\"search_term_string\"}}],\"inLanguage\":\"es\"},{\"@type\":\"Organization\",\"@id\":\"https:\\\/\\\/ongamic.org\\\/#organization\",\"name\":\"ONG AMIC\",\"url\":\"https:\\\/\\\/ongamic.org\\\/\",\"logo\":{\"@type\":\"ImageObject\",\"inLanguage\":\"es\",\"@id\":\"https:\\\/\\\/ongamic.org\\\/#\\\/schema\\\/logo\\\/image\\\/\",\"url\":\"https:\\\/\\\/ongamic.org\\\/wp-content\\\/uploads\\\/2023\\\/01\\\/logo-amic-per-adhesiu.png\",\"contentUrl\":\"https:\\\/\\\/ongamic.org\\\/wp-content\\\/uploads\\\/2023\\\/01\\\/logo-amic-per-adhesiu.png\",\"width\":1033,\"height\":591,\"caption\":\"ONG AMIC\"},\"image\":{\"@id\":\"https:\\\/\\\/ongamic.org\\\/#\\\/schema\\\/logo\\\/image\\\/\"},\"sameAs\":[\"https:\\\/\\\/www.instagram.com\\\/ong_amic\\\/\"]},{\"@type\":\"Person\",\"@id\":\"https:\\\/\\\/ongamic.org\\\/#\\\/schema\\\/person\\\/8a788af15117422ff6ac92172ea5eec6\",\"name\":\"ruth\",\"image\":{\"@type\":\"ImageObject\",\"inLanguage\":\"es\",\"@id\":\"https:\\\/\\\/secure.gravatar.com\\\/avatar\\\/fa9c80e708af4d5ed45ff8dad1b0ef033a57687aa5b362e722d33e4a37b7a536?s=96&d=mm&r=g\",\"url\":\"https:\\\/\\\/secure.gravatar.com\\\/avatar\\\/fa9c80e708af4d5ed45ff8dad1b0ef033a57687aa5b362e722d33e4a37b7a536?s=96&d=mm&r=g\",\"contentUrl\":\"https:\\\/\\\/secure.gravatar.com\\\/avatar\\\/fa9c80e708af4d5ed45ff8dad1b0ef033a57687aa5b362e722d33e4a37b7a536?s=96&d=mm&r=g\",\"caption\":\"ruth\"}}]}<\/script>\n<!-- \/ Yoast SEO plugin. -->","yoast_head_json":{"title":"La capsa AMIC: Un viaje a \u00c0frica con los sentidos - Amic ONG","robots":{"index":"index","follow":"follow","max-snippet":"max-snippet:-1","max-image-preview":"max-image-preview:large","max-video-preview":"max-video-preview:-1"},"canonical":"https:\/\/ongamic.org\/es\/la-capsa-amic-un-viaje-a-africa-con-los-sentidos\/","og_locale":"es_ES","og_type":"article","og_title":"La capsa AMIC: Un viaje a \u00c0frica con los sentidos - Amic ONG","og_description":"Desde la ONG AMIC, presentamos un nuevo proyecto de apadrinamiento \u00abLa capsa AMIC\u00bb, un viaje a \u00c1frica con los sentidos del o\u00eddo, el olfato, el gusto, el tacto y la vista, a trav\u00e9s de una serie de productos que promueven y ayudan a conectar con la cultura del continente africano.","og_url":"https:\/\/ongamic.org\/es\/la-capsa-amic-un-viaje-a-africa-con-los-sentidos\/","og_site_name":"Amic ONG","article_published_time":"2023-06-09T11:16:26+00:00","article_modified_time":"2023-06-12T09:41:35+00:00","og_image":[{"width":2560,"height":1637,"url":"https:\/\/ongamic.org\/wp-content\/uploads\/2023\/06\/4-scaled.jpg","type":"image\/jpeg"}],"author":"ruth","twitter_card":"summary_large_image","twitter_misc":{"Escrito por":"ruth","Tiempo de lectura":"3 minutos"},"schema":{"@context":"https:\/\/schema.org","@graph":[{"@type":"Article","@id":"https:\/\/ongamic.org\/es\/la-capsa-amic-un-viaje-a-africa-con-los-sentidos\/#article","isPartOf":{"@id":"https:\/\/ongamic.org\/es\/la-capsa-amic-un-viaje-a-africa-con-los-sentidos\/"},"author":{"name":"ruth","@id":"https:\/\/ongamic.org\/#\/schema\/person\/8a788af15117422ff6ac92172ea5eec6"},"headline":"La capsa AMIC: Un viaje a \u00c0frica con los sentidos","datePublished":"2023-06-09T11:16:26+00:00","dateModified":"2023-06-12T09:41:35+00:00","mainEntityOfPage":{"@id":"https:\/\/ongamic.org\/es\/la-capsa-amic-un-viaje-a-africa-con-los-sentidos\/"},"wordCount":411,"publisher":{"@id":"https:\/\/ongamic.org\/#organization"},"image":{"@id":"https:\/\/ongamic.org\/es\/la-capsa-amic-un-viaje-a-africa-con-los-sentidos\/#primaryimage"},"thumbnailUrl":"https:\/\/ongamic.org\/wp-content\/uploads\/2023\/06\/4-scaled.jpg","articleSection":["Sala de padrins"],"inLanguage":"es"},{"@type":"WebPage","@id":"https:\/\/ongamic.org\/es\/la-capsa-amic-un-viaje-a-africa-con-los-sentidos\/","url":"https:\/\/ongamic.org\/es\/la-capsa-amic-un-viaje-a-africa-con-los-sentidos\/","name":"La capsa AMIC: Un viaje a \u00c0frica con los sentidos - Amic ONG","isPartOf":{"@id":"https:\/\/ongamic.org\/#website"},"primaryImageOfPage":{"@id":"https:\/\/ongamic.org\/es\/la-capsa-amic-un-viaje-a-africa-con-los-sentidos\/#primaryimage"},"image":{"@id":"https:\/\/ongamic.org\/es\/la-capsa-amic-un-viaje-a-africa-con-los-sentidos\/#primaryimage"},"thumbnailUrl":"https:\/\/ongamic.org\/wp-content\/uploads\/2023\/06\/4-scaled.jpg","datePublished":"2023-06-09T11:16:26+00:00","dateModified":"2023-06-12T09:41:35+00:00","breadcrumb":{"@id":"https:\/\/ongamic.org\/es\/la-capsa-amic-un-viaje-a-africa-con-los-sentidos\/#breadcrumb"},"inLanguage":"es","potentialAction":[{"@type":"ReadAction","target":["https:\/\/ongamic.org\/es\/la-capsa-amic-un-viaje-a-africa-con-los-sentidos\/"]}]},{"@type":"ImageObject","inLanguage":"es","@id":"https:\/\/ongamic.org\/es\/la-capsa-amic-un-viaje-a-africa-con-los-sentidos\/#primaryimage","url":"https:\/\/ongamic.org\/wp-content\/uploads\/2023\/06\/4-scaled.jpg","contentUrl":"https:\/\/ongamic.org\/wp-content\/uploads\/2023\/06\/4-scaled.jpg","width":2560,"height":1637,"caption":"Caixa educativa per a infants llegendes africanes"},{"@type":"BreadcrumbList","@id":"https:\/\/ongamic.org\/es\/la-capsa-amic-un-viaje-a-africa-con-los-sentidos\/#breadcrumb","itemListElement":[{"@type":"ListItem","position":1,"name":"Inici","item":"https:\/\/ongamic.org\/es\/"},{"@type":"ListItem","position":2,"name":"La capsa AMIC: Un viaje a \u00c0frica con los sentidos"}]},{"@type":"WebSite","@id":"https:\/\/ongamic.org\/#website","url":"https:\/\/ongamic.org\/","name":"ONG AMIC","description":"ONG que treballa a Guinea Bissau","publisher":{"@id":"https:\/\/ongamic.org\/#organization"},"potentialAction":[{"@type":"SearchAction","target":{"@type":"EntryPoint","urlTemplate":"https:\/\/ongamic.org\/?s={search_term_string}"},"query-input":{"@type":"PropertyValueSpecification","valueRequired":true,"valueName":"search_term_string"}}],"inLanguage":"es"},{"@type":"Organization","@id":"https:\/\/ongamic.org\/#organization","name":"ONG AMIC","url":"https:\/\/ongamic.org\/","logo":{"@type":"ImageObject","inLanguage":"es","@id":"https:\/\/ongamic.org\/#\/schema\/logo\/image\/","url":"https:\/\/ongamic.org\/wp-content\/uploads\/2023\/01\/logo-amic-per-adhesiu.png","contentUrl":"https:\/\/ongamic.org\/wp-content\/uploads\/2023\/01\/logo-amic-per-adhesiu.png","width":1033,"height":591,"caption":"ONG AMIC"},"image":{"@id":"https:\/\/ongamic.org\/#\/schema\/logo\/image\/"},"sameAs":["https:\/\/www.instagram.com\/ong_amic\/"]},{"@type":"Person","@id":"https:\/\/ongamic.org\/#\/schema\/person\/8a788af15117422ff6ac92172ea5eec6","name":"ruth","image":{"@type":"ImageObject","inLanguage":"es","@id":"https:\/\/secure.gravatar.com\/avatar\/fa9c80e708af4d5ed45ff8dad1b0ef033a57687aa5b362e722d33e4a37b7a536?s=96&d=mm&r=g","url":"https:\/\/secure.gravatar.com\/avatar\/fa9c80e708af4d5ed45ff8dad1b0ef033a57687aa5b362e722d33e4a37b7a536?s=96&d=mm&r=g","contentUrl":"https:\/\/secure.gravatar.com\/avatar\/fa9c80e708af4d5ed45ff8dad1b0ef033a57687aa5b362e722d33e4a37b7a536?s=96&d=mm&r=g","caption":"ruth"}}]}},"_links":{"self":[{"href":"https:\/\/ongamic.org\/es\/wp-json\/wp\/v2\/posts\/20737","targetHints":{"allow":["GET"]}}],"collection":[{"href":"https:\/\/ongamic.org\/es\/wp-json\/wp\/v2\/posts"}],"about":[{"href":"https:\/\/ongamic.org\/es\/wp-json\/wp\/v2\/types\/post"}],"author":[{"embeddable":true,"href":"https:\/\/ongamic.org\/es\/wp-json\/wp\/v2\/users\/142"}],"replies":[{"embeddable":true,"href":"https:\/\/ongamic.org\/es\/wp-json\/wp\/v2\/comments?post=20737"}],"version-history":[{"count":0,"href":"https:\/\/ongamic.org\/es\/wp-json\/wp\/v2\/posts\/20737\/revisions"}],"wp:featuredmedia":[{"embeddable":true,"href":"https:\/\/ongamic.org\/es\/wp-json\/wp\/v2\/media\/20757"}],"wp:attachment":[{"href":"https:\/\/ongamic.org\/es\/wp-json\/wp\/v2\/media?parent=20737"}],"wp:term":[{"taxonomy":"category","embeddable":true,"href":"https:\/\/ongamic.org\/es\/wp-json\/wp\/v2\/categories?post=20737"},{"taxonomy":"post_tag","embeddable":true,"href":"https:\/\/ongamic.org\/es\/wp-json\/wp\/v2\/tags?post=20737"}],"curies":[{"name":"wp","href":"https:\/\/api.w.org\/{rel}","templated":true}]}}