{"id":470,"date":"2015-04-20T16:23:42","date_gmt":"2015-04-20T16:23:42","guid":{"rendered":"https:\/\/ongamic.org\/els-infants-amb-discapacitat-intel%c2%b7lectual-i-o-multiple-de-casa-emanuel-2\/"},"modified":"2015-06-17T10:05:53","modified_gmt":"2015-06-17T10:05:53","slug":"nonos-con-discapacidad-casa-emanuel","status":"publish","type":"post","link":"https:\/\/ongamic.org\/es\/nonos-con-discapacidad-casa-emanuel\/","title":{"rendered":"Los ni\u00f1@s con discapacidad intelectual y\/o m\u00faltiple de Casa Emanuel"},"content":{"rendered":"<p>Los ni\u00f1os con discapacidad intelectual y \/ o m\u00faltiple de Casa Emanuel necesitan unos cuidados especiales para ayudarles a desarrollarse y a mejorar su calidad de vida. Adem\u00e1s de la estimulaci\u00f3n espec\u00edfica, la m\u00fasica, los paseos y los ratos de juegos, cada tarde llega el momento del masaje y las movilizaciones.<br \/>\nBacar, un joven muy implicado, es el encargado de hacer los masajes. Formado por nuestra voluntaria y fisioterapeuta Nuria Puech, cada tarde pone un colch\u00f3n grueso al aire libre, saca a los ni\u00f1os que padecen discapacidad intelectual y \/ o m\u00faltiple y comparte con ellos unos momentos de masajes, risas y juegos. Para todos los padrinos de estos ni\u00f1os tan especiales, aqu\u00ed os dejamos algunas fotos para que conozc\u00e1is mejor la tarea de Bacar.<\/p>\n<p><a href=\"https:\/\/ongamic.org\/wp-content\/uploads\/2015\/04\/ni\u00f1os-discapacitados-en-Guinea-Bissau.png\"><img fetchpriority=\"high\" decoding=\"async\" class=\"alignnone size-full wp-image-113\" src=\"https:\/\/ongamic.org\/wp-content\/uploads\/2015\/04\/ni\u00f1os-discapacitados-en-Guinea-Bissau.png\" alt=\"ni\u00f1os discapacitados en Guinea Bissau\" width=\"517\" height=\"340\" \/><\/a> <a href=\"https:\/\/ongamic.org\/wp-content\/uploads\/2015\/04\/Bacar-haciendo-masajes.png\"><img decoding=\"async\" class=\"alignnone size-full wp-image-112\" src=\"https:\/\/ongamic.org\/wp-content\/uploads\/2015\/04\/Bacar-haciendo-masajes.png\" alt=\"Bacar haciendo masajes\" width=\"771\" height=\"513\" srcset=\"https:\/\/ongamic.org\/wp-content\/uploads\/2015\/04\/Bacar-haciendo-masajes.png 771w, https:\/\/ongamic.org\/wp-content\/uploads\/2015\/04\/Bacar-haciendo-masajes-600x399.png 600w, https:\/\/ongamic.org\/wp-content\/uploads\/2015\/04\/Bacar-haciendo-masajes-300x200.png 300w, https:\/\/ongamic.org\/wp-content\/uploads\/2015\/04\/Bacar-haciendo-masajes-100x67.png 100w\" sizes=\"(max-width: 771px) 100vw, 771px\" \/><\/a> <img decoding=\"async\" class=\"alignnone size-full wp-image-111\" src=\"https:\/\/ongamic.org\/wp-content\/uploads\/2015\/04\/Bacar-con-los-ni\u00f1os-discapacitados-de-CE.png\" alt=\"Bacar con los ni\u00f1os discapacitados de CE\" width=\"767\" height=\"512\" \/><\/p>\n","protected":false},"excerpt":{"rendered":"<p>Los ni\u00f1os con discapacidad intelectual y \/ o m\u00faltiple de Casa Emanuel necesitan unos cuidados especiales para ayudarles a desarrollarse y a mejorar su calidad de vida. Adem\u00e1s de la estimulaci\u00f3n espec\u00edfica, la m\u00fasica, los paseos y los ratos de juegos, cada tarde llega el momento del masaje y las movilizaciones. Bacar, un joven muy&#8230;<\/p>\n","protected":false},"author":1,"featured_media":1258,"comment_status":"closed","ping_status":"open","sticky":false,"template":"","format":"standard","meta":{"_joinchat":[],"footnotes":""},"categories":[58],"tags":[162,163,32,161],"class_list":["post-470","post","type-post","status-publish","format-standard","has-post-thumbnail","hentry","category-sala-de-padrins-es","tag-atencion-a-la-infancia-con-discapacidad","tag-casa-emanuel","tag-guinea-bissau-es","tag-ninos-con-discapacidad"],"yoast_head":"<!-- This site is optimized with the Yoast SEO plugin v27.3 - https:\/\/yoast.com\/product\/yoast-seo-wordpress\/ -->\n<title>Los ni\u00f1@s con discapacidad intelectual y\/o m\u00faltiple de Casa Emanuel - Amic ONG<\/title>\n<meta name=\"robots\" content=\"index, follow, max-snippet:-1, max-image-preview:large, max-video-preview:-1\" \/>\n<link rel=\"canonical\" href=\"https:\/\/ongamic.org\/es\/nonos-con-discapacidad-casa-emanuel\/\" \/>\n<meta property=\"og:locale\" content=\"es_ES\" \/>\n<meta property=\"og:type\" content=\"article\" \/>\n<meta property=\"og:title\" content=\"Los ni\u00f1@s con discapacidad intelectual y\/o m\u00faltiple de Casa Emanuel - Amic ONG\" \/>\n<meta property=\"og:description\" content=\"Los ni\u00f1os con discapacidad intelectual y \/ o m\u00faltiple de Casa Emanuel necesitan unos cuidados especiales para ayudarles a desarrollarse y a mejorar su calidad de vida. Adem\u00e1s de la estimulaci\u00f3n espec\u00edfica, la m\u00fasica, los paseos y los ratos de juegos, cada tarde llega el momento del masaje y las movilizaciones. Bacar, un joven muy...\" \/>\n<meta property=\"og:url\" content=\"https:\/\/ongamic.org\/es\/nonos-con-discapacidad-casa-emanuel\/\" \/>\n<meta property=\"og:site_name\" content=\"Amic ONG\" \/>\n<meta property=\"article:published_time\" content=\"2015-04-20T16:23:42+00:00\" \/>\n<meta property=\"article:modified_time\" content=\"2015-06-17T10:05:53+00:00\" \/>\n<meta property=\"og:image\" content=\"https:\/\/ongamic.org\/wp-content\/uploads\/2015\/04\/Bacar-haciendo-masajes.png\" \/>\n\t<meta property=\"og:image:width\" content=\"771\" \/>\n\t<meta property=\"og:image:height\" content=\"513\" \/>\n\t<meta property=\"og:image:type\" content=\"image\/png\" \/>\n<meta name=\"author\" content=\"arluk\" \/>\n<meta name=\"twitter:card\" content=\"summary_large_image\" \/>\n<meta name=\"twitter:label1\" content=\"Escrito por\" \/>\n\t<meta name=\"twitter:data1\" content=\"arluk\" \/>\n\t<meta name=\"twitter:label2\" content=\"Tiempo de lectura\" \/>\n\t<meta name=\"twitter:data2\" content=\"1 minuto\" \/>\n<script type=\"application\/ld+json\" class=\"yoast-schema-graph\">{\"@context\":\"https:\\\/\\\/schema.org\",\"@graph\":[{\"@type\":\"Article\",\"@id\":\"https:\\\/\\\/ongamic.org\\\/es\\\/nonos-con-discapacidad-casa-emanuel\\\/#article\",\"isPartOf\":{\"@id\":\"https:\\\/\\\/ongamic.org\\\/es\\\/nonos-con-discapacidad-casa-emanuel\\\/\"},\"author\":{\"name\":\"arluk\",\"@id\":\"https:\\\/\\\/ongamic.org\\\/#\\\/schema\\\/person\\\/d9b0f31dbef570bacc4203376c7f94ec\"},\"headline\":\"Los ni\u00f1@s con discapacidad intelectual y\\\/o m\u00faltiple de Casa Emanuel\",\"datePublished\":\"2015-04-20T16:23:42+00:00\",\"dateModified\":\"2015-06-17T10:05:53+00:00\",\"mainEntityOfPage\":{\"@id\":\"https:\\\/\\\/ongamic.org\\\/es\\\/nonos-con-discapacidad-casa-emanuel\\\/\"},\"wordCount\":147,\"publisher\":{\"@id\":\"https:\\\/\\\/ongamic.org\\\/#organization\"},\"image\":{\"@id\":\"https:\\\/\\\/ongamic.org\\\/es\\\/nonos-con-discapacidad-casa-emanuel\\\/#primaryimage\"},\"thumbnailUrl\":\"https:\\\/\\\/ongamic.org\\\/wp-content\\\/uploads\\\/2015\\\/04\\\/Bacar-haciendo-masajes.png\",\"keywords\":[\"atenci\u00f3n a la infancia con discapacidad\",\"casa emanuel\",\"Guinea Bissau\",\"ni\u00f1os con discapacidad\"],\"articleSection\":[\"Sala de padrins\"],\"inLanguage\":\"es\"},{\"@type\":\"WebPage\",\"@id\":\"https:\\\/\\\/ongamic.org\\\/es\\\/nonos-con-discapacidad-casa-emanuel\\\/\",\"url\":\"https:\\\/\\\/ongamic.org\\\/es\\\/nonos-con-discapacidad-casa-emanuel\\\/\",\"name\":\"Los ni\u00f1@s con discapacidad intelectual y\\\/o m\u00faltiple de Casa Emanuel - Amic ONG\",\"isPartOf\":{\"@id\":\"https:\\\/\\\/ongamic.org\\\/#website\"},\"primaryImageOfPage\":{\"@id\":\"https:\\\/\\\/ongamic.org\\\/es\\\/nonos-con-discapacidad-casa-emanuel\\\/#primaryimage\"},\"image\":{\"@id\":\"https:\\\/\\\/ongamic.org\\\/es\\\/nonos-con-discapacidad-casa-emanuel\\\/#primaryimage\"},\"thumbnailUrl\":\"https:\\\/\\\/ongamic.org\\\/wp-content\\\/uploads\\\/2015\\\/04\\\/Bacar-haciendo-masajes.png\",\"datePublished\":\"2015-04-20T16:23:42+00:00\",\"dateModified\":\"2015-06-17T10:05:53+00:00\",\"breadcrumb\":{\"@id\":\"https:\\\/\\\/ongamic.org\\\/es\\\/nonos-con-discapacidad-casa-emanuel\\\/#breadcrumb\"},\"inLanguage\":\"es\",\"potentialAction\":[{\"@type\":\"ReadAction\",\"target\":[\"https:\\\/\\\/ongamic.org\\\/es\\\/nonos-con-discapacidad-casa-emanuel\\\/\"]}]},{\"@type\":\"ImageObject\",\"inLanguage\":\"es\",\"@id\":\"https:\\\/\\\/ongamic.org\\\/es\\\/nonos-con-discapacidad-casa-emanuel\\\/#primaryimage\",\"url\":\"https:\\\/\\\/ongamic.org\\\/wp-content\\\/uploads\\\/2015\\\/04\\\/Bacar-haciendo-masajes.png\",\"contentUrl\":\"https:\\\/\\\/ongamic.org\\\/wp-content\\\/uploads\\\/2015\\\/04\\\/Bacar-haciendo-masajes.png\",\"width\":771,\"height\":513},{\"@type\":\"BreadcrumbList\",\"@id\":\"https:\\\/\\\/ongamic.org\\\/es\\\/nonos-con-discapacidad-casa-emanuel\\\/#breadcrumb\",\"itemListElement\":[{\"@type\":\"ListItem\",\"position\":1,\"name\":\"Inici\",\"item\":\"https:\\\/\\\/ongamic.org\\\/es\\\/\"},{\"@type\":\"ListItem\",\"position\":2,\"name\":\"Los ni\u00f1@s con discapacidad intelectual y\\\/o m\u00faltiple de Casa Emanuel\"}]},{\"@type\":\"WebSite\",\"@id\":\"https:\\\/\\\/ongamic.org\\\/#website\",\"url\":\"https:\\\/\\\/ongamic.org\\\/\",\"name\":\"ONG AMIC\",\"description\":\"ONG que treballa a Guinea Bissau\",\"publisher\":{\"@id\":\"https:\\\/\\\/ongamic.org\\\/#organization\"},\"potentialAction\":[{\"@type\":\"SearchAction\",\"target\":{\"@type\":\"EntryPoint\",\"urlTemplate\":\"https:\\\/\\\/ongamic.org\\\/?s={search_term_string}\"},\"query-input\":{\"@type\":\"PropertyValueSpecification\",\"valueRequired\":true,\"valueName\":\"search_term_string\"}}],\"inLanguage\":\"es\"},{\"@type\":\"Organization\",\"@id\":\"https:\\\/\\\/ongamic.org\\\/#organization\",\"name\":\"ONG AMIC\",\"url\":\"https:\\\/\\\/ongamic.org\\\/\",\"logo\":{\"@type\":\"ImageObject\",\"inLanguage\":\"es\",\"@id\":\"https:\\\/\\\/ongamic.org\\\/#\\\/schema\\\/logo\\\/image\\\/\",\"url\":\"https:\\\/\\\/ongamic.org\\\/wp-content\\\/uploads\\\/2023\\\/01\\\/logo-amic-per-adhesiu.png\",\"contentUrl\":\"https:\\\/\\\/ongamic.org\\\/wp-content\\\/uploads\\\/2023\\\/01\\\/logo-amic-per-adhesiu.png\",\"width\":1033,\"height\":591,\"caption\":\"ONG AMIC\"},\"image\":{\"@id\":\"https:\\\/\\\/ongamic.org\\\/#\\\/schema\\\/logo\\\/image\\\/\"},\"sameAs\":[\"https:\\\/\\\/www.instagram.com\\\/ong_amic\\\/\"]},{\"@type\":\"Person\",\"@id\":\"https:\\\/\\\/ongamic.org\\\/#\\\/schema\\\/person\\\/d9b0f31dbef570bacc4203376c7f94ec\",\"name\":\"arluk\",\"image\":{\"@type\":\"ImageObject\",\"inLanguage\":\"es\",\"@id\":\"https:\\\/\\\/secure.gravatar.com\\\/avatar\\\/7e49f26b1f5150c41c25698314d6233e7532831356b9b03150da37984579c346?s=96&d=mm&r=g\",\"url\":\"https:\\\/\\\/secure.gravatar.com\\\/avatar\\\/7e49f26b1f5150c41c25698314d6233e7532831356b9b03150da37984579c346?s=96&d=mm&r=g\",\"contentUrl\":\"https:\\\/\\\/secure.gravatar.com\\\/avatar\\\/7e49f26b1f5150c41c25698314d6233e7532831356b9b03150da37984579c346?s=96&d=mm&r=g\",\"caption\":\"arluk\"}}]}<\/script>\n<!-- \/ Yoast SEO plugin. -->","yoast_head_json":{"title":"Los ni\u00f1@s con discapacidad intelectual y\/o m\u00faltiple de Casa Emanuel - Amic ONG","robots":{"index":"index","follow":"follow","max-snippet":"max-snippet:-1","max-image-preview":"max-image-preview:large","max-video-preview":"max-video-preview:-1"},"canonical":"https:\/\/ongamic.org\/es\/nonos-con-discapacidad-casa-emanuel\/","og_locale":"es_ES","og_type":"article","og_title":"Los ni\u00f1@s con discapacidad intelectual y\/o m\u00faltiple de Casa Emanuel - Amic ONG","og_description":"Los ni\u00f1os con discapacidad intelectual y \/ o m\u00faltiple de Casa Emanuel necesitan unos cuidados especiales para ayudarles a desarrollarse y a mejorar su calidad de vida. Adem\u00e1s de la estimulaci\u00f3n espec\u00edfica, la m\u00fasica, los paseos y los ratos de juegos, cada tarde llega el momento del masaje y las movilizaciones. Bacar, un joven muy...","og_url":"https:\/\/ongamic.org\/es\/nonos-con-discapacidad-casa-emanuel\/","og_site_name":"Amic ONG","article_published_time":"2015-04-20T16:23:42+00:00","article_modified_time":"2015-06-17T10:05:53+00:00","og_image":[{"width":771,"height":513,"url":"https:\/\/ongamic.org\/wp-content\/uploads\/2015\/04\/Bacar-haciendo-masajes.png","type":"image\/png"}],"author":"arluk","twitter_card":"summary_large_image","twitter_misc":{"Escrito por":"arluk","Tiempo de lectura":"1 minuto"},"schema":{"@context":"https:\/\/schema.org","@graph":[{"@type":"Article","@id":"https:\/\/ongamic.org\/es\/nonos-con-discapacidad-casa-emanuel\/#article","isPartOf":{"@id":"https:\/\/ongamic.org\/es\/nonos-con-discapacidad-casa-emanuel\/"},"author":{"name":"arluk","@id":"https:\/\/ongamic.org\/#\/schema\/person\/d9b0f31dbef570bacc4203376c7f94ec"},"headline":"Los ni\u00f1@s con discapacidad intelectual y\/o m\u00faltiple de Casa Emanuel","datePublished":"2015-04-20T16:23:42+00:00","dateModified":"2015-06-17T10:05:53+00:00","mainEntityOfPage":{"@id":"https:\/\/ongamic.org\/es\/nonos-con-discapacidad-casa-emanuel\/"},"wordCount":147,"publisher":{"@id":"https:\/\/ongamic.org\/#organization"},"image":{"@id":"https:\/\/ongamic.org\/es\/nonos-con-discapacidad-casa-emanuel\/#primaryimage"},"thumbnailUrl":"https:\/\/ongamic.org\/wp-content\/uploads\/2015\/04\/Bacar-haciendo-masajes.png","keywords":["atenci\u00f3n a la infancia con discapacidad","casa emanuel","Guinea Bissau","ni\u00f1os con discapacidad"],"articleSection":["Sala de padrins"],"inLanguage":"es"},{"@type":"WebPage","@id":"https:\/\/ongamic.org\/es\/nonos-con-discapacidad-casa-emanuel\/","url":"https:\/\/ongamic.org\/es\/nonos-con-discapacidad-casa-emanuel\/","name":"Los ni\u00f1@s con discapacidad intelectual y\/o m\u00faltiple de Casa Emanuel - Amic ONG","isPartOf":{"@id":"https:\/\/ongamic.org\/#website"},"primaryImageOfPage":{"@id":"https:\/\/ongamic.org\/es\/nonos-con-discapacidad-casa-emanuel\/#primaryimage"},"image":{"@id":"https:\/\/ongamic.org\/es\/nonos-con-discapacidad-casa-emanuel\/#primaryimage"},"thumbnailUrl":"https:\/\/ongamic.org\/wp-content\/uploads\/2015\/04\/Bacar-haciendo-masajes.png","datePublished":"2015-04-20T16:23:42+00:00","dateModified":"2015-06-17T10:05:53+00:00","breadcrumb":{"@id":"https:\/\/ongamic.org\/es\/nonos-con-discapacidad-casa-emanuel\/#breadcrumb"},"inLanguage":"es","potentialAction":[{"@type":"ReadAction","target":["https:\/\/ongamic.org\/es\/nonos-con-discapacidad-casa-emanuel\/"]}]},{"@type":"ImageObject","inLanguage":"es","@id":"https:\/\/ongamic.org\/es\/nonos-con-discapacidad-casa-emanuel\/#primaryimage","url":"https:\/\/ongamic.org\/wp-content\/uploads\/2015\/04\/Bacar-haciendo-masajes.png","contentUrl":"https:\/\/ongamic.org\/wp-content\/uploads\/2015\/04\/Bacar-haciendo-masajes.png","width":771,"height":513},{"@type":"BreadcrumbList","@id":"https:\/\/ongamic.org\/es\/nonos-con-discapacidad-casa-emanuel\/#breadcrumb","itemListElement":[{"@type":"ListItem","position":1,"name":"Inici","item":"https:\/\/ongamic.org\/es\/"},{"@type":"ListItem","position":2,"name":"Los ni\u00f1@s con discapacidad intelectual y\/o m\u00faltiple de Casa Emanuel"}]},{"@type":"WebSite","@id":"https:\/\/ongamic.org\/#website","url":"https:\/\/ongamic.org\/","name":"ONG AMIC","description":"ONG que treballa a Guinea Bissau","publisher":{"@id":"https:\/\/ongamic.org\/#organization"},"potentialAction":[{"@type":"SearchAction","target":{"@type":"EntryPoint","urlTemplate":"https:\/\/ongamic.org\/?s={search_term_string}"},"query-input":{"@type":"PropertyValueSpecification","valueRequired":true,"valueName":"search_term_string"}}],"inLanguage":"es"},{"@type":"Organization","@id":"https:\/\/ongamic.org\/#organization","name":"ONG AMIC","url":"https:\/\/ongamic.org\/","logo":{"@type":"ImageObject","inLanguage":"es","@id":"https:\/\/ongamic.org\/#\/schema\/logo\/image\/","url":"https:\/\/ongamic.org\/wp-content\/uploads\/2023\/01\/logo-amic-per-adhesiu.png","contentUrl":"https:\/\/ongamic.org\/wp-content\/uploads\/2023\/01\/logo-amic-per-adhesiu.png","width":1033,"height":591,"caption":"ONG AMIC"},"image":{"@id":"https:\/\/ongamic.org\/#\/schema\/logo\/image\/"},"sameAs":["https:\/\/www.instagram.com\/ong_amic\/"]},{"@type":"Person","@id":"https:\/\/ongamic.org\/#\/schema\/person\/d9b0f31dbef570bacc4203376c7f94ec","name":"arluk","image":{"@type":"ImageObject","inLanguage":"es","@id":"https:\/\/secure.gravatar.com\/avatar\/7e49f26b1f5150c41c25698314d6233e7532831356b9b03150da37984579c346?s=96&d=mm&r=g","url":"https:\/\/secure.gravatar.com\/avatar\/7e49f26b1f5150c41c25698314d6233e7532831356b9b03150da37984579c346?s=96&d=mm&r=g","contentUrl":"https:\/\/secure.gravatar.com\/avatar\/7e49f26b1f5150c41c25698314d6233e7532831356b9b03150da37984579c346?s=96&d=mm&r=g","caption":"arluk"}}]}},"_links":{"self":[{"href":"https:\/\/ongamic.org\/es\/wp-json\/wp\/v2\/posts\/470","targetHints":{"allow":["GET"]}}],"collection":[{"href":"https:\/\/ongamic.org\/es\/wp-json\/wp\/v2\/posts"}],"about":[{"href":"https:\/\/ongamic.org\/es\/wp-json\/wp\/v2\/types\/post"}],"author":[{"embeddable":true,"href":"https:\/\/ongamic.org\/es\/wp-json\/wp\/v2\/users\/1"}],"replies":[{"embeddable":true,"href":"https:\/\/ongamic.org\/es\/wp-json\/wp\/v2\/comments?post=470"}],"version-history":[{"count":0,"href":"https:\/\/ongamic.org\/es\/wp-json\/wp\/v2\/posts\/470\/revisions"}],"wp:featuredmedia":[{"embeddable":true,"href":"https:\/\/ongamic.org\/es\/wp-json\/wp\/v2\/media\/1258"}],"wp:attachment":[{"href":"https:\/\/ongamic.org\/es\/wp-json\/wp\/v2\/media?parent=470"}],"wp:term":[{"taxonomy":"category","embeddable":true,"href":"https:\/\/ongamic.org\/es\/wp-json\/wp\/v2\/categories?post=470"},{"taxonomy":"post_tag","embeddable":true,"href":"https:\/\/ongamic.org\/es\/wp-json\/wp\/v2\/tags?post=470"}],"curies":[{"name":"wp","href":"https:\/\/api.w.org\/{rel}","templated":true}]}}